{"id":9992,"date":"2018-01-25T15:07:16","date_gmt":"2018-01-25T14:07:16","guid":{"rendered":"http:\/\/www.sinergiacons.it\/?p=9992"},"modified":"2018-01-25T15:07:16","modified_gmt":"2018-01-25T14:07:16","slug":"energia-elettrica-aggiornamento-della-struttura-tariffaria-degli-oneri-generali-di-sistema-1-gennaio-2018","status":"publish","type":"post","link":"https:\/\/www.sinergiacons.it\/en\/energia-elettrica-aggiornamento-della-struttura-tariffaria-degli-oneri-generali-di-sistema-1-gennaio-2018\/","title":{"rendered":"Energia Elettrica - Aggiornamento della struttura tariffaria degli oneri generali di sistema - 1 gennaio 2018"},"content":{"rendered":"<p>Dal 1 gennaio 2018 sono variate alcune delle voci di costo, relative agli oneri di sistema, che determinano parte dell'importo\u00a0delle fatture di energia elettrica.<\/p>\n<p><em><strong>L'iter della legge.<\/strong><\/em><\/p>\n<p>Il decreto legge 210\/15, successivamente modificato in sede di conversione dalla legge 21\/16, prevedeva che l'Autorit\u00e0 adeguasse \"con decorrenza dal 1 gennaio 2016, in tutto il territorio nazionale, la struttura delle componenti tariffarie relative agli oneri generali di sistema elettrico applicate ai clienti dei servizi elettrici per usi diversi da quelli domestici ai criteri che governano la tariffa di rete per i servizi di trasmissione, distribuzione e misura in vigore alla medesima data, tenendo comunque conto dei diversi livelli di tensione e dei parametri di connessione, oltre che della diversa natura e delle peculiarit\u00e0 degli oneri rispetto alla tariffa.\"<\/p>\n<p>Il\u00a0decreto legge 244\/16, successivamente modificato in sede di conversione dalla legge 19\/17, ha aggiornato\u00a0il termine di decorrenza fissandolo all\u2019<strong>1 gennaio 2018<\/strong>\u00a0invece che all\u20191 gennaio 2016.<\/p>\n<p><em><strong>Cosa cambia in fattura?<\/strong><\/em><\/p>\n<p>Le\u00a0nuove componenti tariffarie A destinate alla copertura degli oneri generali del sistema elettrico sono:<br \/>\n- componente tariffaria\u00a0<strong>Asos<\/strong>\u00a0per la copertura degli oneri generali relativi al sostegno delle energie rinnovabili ed alla cogenerazione CIP 6\/92;<br \/>\n- componente tariffaria\u00a0<strong>Arim<\/strong>\u00a0per la copertura dei rimanenti oneri generali.<\/p>\n<p>Queste due voci vanno a sostituire le \"precedenti\" 9 ma la differenza principale riguarda la struttura di questi costi: mentre prima i valori erano formati da una parte fissa (euro\/anno) ed una variabile (euro\/kWh), le nuove Asos e Arim hanno in pi\u00f9 una parte proporzionale alla potenza consumata (euro\/kW). In base ad alcune simulazioni da noi effettuate, prevediamo tra il quarto trimestre 2017 e il primo trimestre 2018, una riduzione dei costi in molti casi. Ipotizzare per\u00f2 se si andr\u00e0 incontro ad un risparmio per tutti non \u00e8 cos\u00ec facile n\u00e9 immediato perch\u00e8 non si pu\u00f2 trovare una regola che valga per tutte le realt\u00e0 aziendali.<\/p>\n<p>Data la variazione\u00a0delle suddette voci consigliamo di contattare quindi Sinergia Consulting affinch\u00e9 un referente dedicato, disponibile per qualsiasi chiarimento in merito, possa effettuare simulazioni specifiche che chiariscano se per la tua azienda questo cambiamento negli oneri comporter\u00e0 una riduzione o un aumento dei costi aziendali.<\/p>","protected":false},"excerpt":{"rendered":"<p>Dal 1 gennaio 2018 sono variate alcune delle voci [&hellip;]<\/p>","protected":false},"author":1,"featured_media":61,"comment_status":"closed","ping_status":"closed","sticky":false,"template":"","format":"standard","meta":{"footnotes":""},"categories":[1],"tags":[],"class_list":["post-9992","post","type-post","status-publish","format-standard","has-post-thumbnail","hentry","category-news"],"yoast_head":"<!-- This site is optimized with the Yoast SEO plugin v26.1.1 - https:\/\/yoast.com\/wordpress\/plugins\/seo\/ -->\n<title>Energia Elettrica - Aggiornamento della struttura tariffaria degli oneri generali di sistema - 1 gennaio 2018 | Sinergia<\/title>\n<meta name=\"description\" content=\"Dal 1 gennaio 2018 sono variate alcune delle voci di costo, relative agli oneri di sistema, che determinano parte dell&#039;importo\u00a0delle fatture di energia\" \/>\n<meta name=\"robots\" content=\"index, follow, max-snippet:-1, max-image-preview:large, max-video-preview:-1\" \/>\n<link rel=\"canonical\" href=\"https:\/\/www.sinergiacons.it\/en\/energia-elettrica-aggiornamento-della-struttura-tariffaria-degli-oneri-generali-di-sistema-1-gennaio-2018\/\" \/>\n<meta property=\"og:locale\" content=\"en_US\" \/>\n<meta property=\"og:type\" content=\"article\" \/>\n<meta property=\"og:title\" content=\"Energia Elettrica - Aggiornamento della struttura tariffaria degli oneri generali di sistema - 1 gennaio 2018 | Sinergia\" \/>\n<meta property=\"og:description\" content=\"Dal 1 gennaio 2018 sono variate alcune delle voci di costo, relative agli oneri di sistema, che determinano parte dell&#039;importo\u00a0delle fatture di energia\" \/>\n<meta property=\"og:url\" content=\"https:\/\/www.sinergiacons.it\/en\/energia-elettrica-aggiornamento-della-struttura-tariffaria-degli-oneri-generali-di-sistema-1-gennaio-2018\/\" \/>\n<meta property=\"og:site_name\" content=\"Sinergia\" \/>\n<meta property=\"article:published_time\" content=\"2018-01-25T14:07:16+00:00\" \/>\n<meta property=\"og:image\" content=\"https:\/\/www.sinergiacons.it\/wp-content\/uploads\/2021\/10\/news-sin-evidenza-1170x875-1.jpg\" \/>\n\t<meta property=\"og:image:width\" content=\"1170\" \/>\n\t<meta property=\"og:image:height\" content=\"875\" \/>\n\t<meta property=\"og:image:type\" content=\"image\/jpeg\" \/>\n<meta name=\"author\" content=\"nicolo\" \/>\n<meta name=\"twitter:card\" content=\"summary_large_image\" \/>\n<meta name=\"twitter:label1\" content=\"Written by\" \/>\n\t<meta name=\"twitter:data1\" content=\"nicolo\" \/>\n\t<meta name=\"twitter:label2\" content=\"Est. reading time\" \/>\n\t<meta name=\"twitter:data2\" content=\"2 minutes\" \/>\n<script type=\"application\/ld+json\" class=\"yoast-schema-graph\">{\"@context\":\"https:\/\/schema.org\",\"@graph\":[{\"@type\":\"Article\",\"@id\":\"https:\/\/www.sinergiacons.it\/energia-elettrica-aggiornamento-della-struttura-tariffaria-degli-oneri-generali-di-sistema-1-gennaio-2018\/#article\",\"isPartOf\":{\"@id\":\"https:\/\/www.sinergiacons.it\/energia-elettrica-aggiornamento-della-struttura-tariffaria-degli-oneri-generali-di-sistema-1-gennaio-2018\/\"},\"author\":{\"name\":\"nicolo\",\"@id\":\"https:\/\/www.sinergiacons.it\/#\/schema\/person\/fa43fae663a71d3a89c15bee4cc020f0\"},\"headline\":\"Energia Elettrica - Aggiornamento della struttura tariffaria degli oneri generali di sistema - 1 gennaio 2018\",\"datePublished\":\"2018-01-25T14:07:16+00:00\",\"mainEntityOfPage\":{\"@id\":\"https:\/\/www.sinergiacons.it\/energia-elettrica-aggiornamento-della-struttura-tariffaria-degli-oneri-generali-di-sistema-1-gennaio-2018\/\"},\"wordCount\":363,\"publisher\":{\"@id\":\"https:\/\/www.sinergiacons.it\/#organization\"},\"image\":{\"@id\":\"https:\/\/www.sinergiacons.it\/energia-elettrica-aggiornamento-della-struttura-tariffaria-degli-oneri-generali-di-sistema-1-gennaio-2018\/#primaryimage\"},\"thumbnailUrl\":\"https:\/\/www.sinergiacons.it\/wp-content\/uploads\/2021\/10\/news-sin-evidenza-1170x875-1.jpg\",\"articleSection\":[\"News\"],\"inLanguage\":\"en-US\"},{\"@type\":\"WebPage\",\"@id\":\"https:\/\/www.sinergiacons.it\/energia-elettrica-aggiornamento-della-struttura-tariffaria-degli-oneri-generali-di-sistema-1-gennaio-2018\/\",\"url\":\"https:\/\/www.sinergiacons.it\/energia-elettrica-aggiornamento-della-struttura-tariffaria-degli-oneri-generali-di-sistema-1-gennaio-2018\/\",\"name\":\"Energia Elettrica - Aggiornamento della struttura tariffaria degli oneri generali di sistema - 1 gennaio 2018 | Sinergia\",\"isPartOf\":{\"@id\":\"https:\/\/www.sinergiacons.it\/#website\"},\"primaryImageOfPage\":{\"@id\":\"https:\/\/www.sinergiacons.it\/energia-elettrica-aggiornamento-della-struttura-tariffaria-degli-oneri-generali-di-sistema-1-gennaio-2018\/#primaryimage\"},\"image\":{\"@id\":\"https:\/\/www.sinergiacons.it\/energia-elettrica-aggiornamento-della-struttura-tariffaria-degli-oneri-generali-di-sistema-1-gennaio-2018\/#primaryimage\"},\"thumbnailUrl\":\"https:\/\/www.sinergiacons.it\/wp-content\/uploads\/2021\/10\/news-sin-evidenza-1170x875-1.jpg\",\"datePublished\":\"2018-01-25T14:07:16+00:00\",\"description\":\"Dal 1 gennaio 2018 sono variate alcune delle voci di costo, relative agli oneri di sistema, che determinano parte dell'importo\u00a0delle fatture di energia\",\"breadcrumb\":{\"@id\":\"https:\/\/www.sinergiacons.it\/energia-elettrica-aggiornamento-della-struttura-tariffaria-degli-oneri-generali-di-sistema-1-gennaio-2018\/#breadcrumb\"},\"inLanguage\":\"en-US\",\"potentialAction\":[{\"@type\":\"ReadAction\",\"target\":[\"https:\/\/www.sinergiacons.it\/energia-elettrica-aggiornamento-della-struttura-tariffaria-degli-oneri-generali-di-sistema-1-gennaio-2018\/\"]}]},{\"@type\":\"ImageObject\",\"inLanguage\":\"en-US\",\"@id\":\"https:\/\/www.sinergiacons.it\/energia-elettrica-aggiornamento-della-struttura-tariffaria-degli-oneri-generali-di-sistema-1-gennaio-2018\/#primaryimage\",\"url\":\"https:\/\/www.sinergiacons.it\/wp-content\/uploads\/2021\/10\/news-sin-evidenza-1170x875-1.jpg\",\"contentUrl\":\"https:\/\/www.sinergiacons.it\/wp-content\/uploads\/2021\/10\/news-sin-evidenza-1170x875-1.jpg\",\"width\":1170,\"height\":875},{\"@type\":\"BreadcrumbList\",\"@id\":\"https:\/\/www.sinergiacons.it\/energia-elettrica-aggiornamento-della-struttura-tariffaria-degli-oneri-generali-di-sistema-1-gennaio-2018\/#breadcrumb\",\"itemListElement\":[{\"@type\":\"ListItem\",\"position\":1,\"name\":\"Home\",\"item\":\"https:\/\/www.sinergiacons.it\/\"},{\"@type\":\"ListItem\",\"position\":2,\"name\":\"Energia Elettrica - Aggiornamento della struttura tariffaria degli oneri generali di sistema - 1 gennaio 2018\"}]},{\"@type\":\"WebSite\",\"@id\":\"https:\/\/www.sinergiacons.it\/#website\",\"url\":\"https:\/\/www.sinergiacons.it\/\",\"name\":\"Sinergia\",\"description\":\"Gas &amp; Power Consulting\",\"publisher\":{\"@id\":\"https:\/\/www.sinergiacons.it\/#organization\"},\"potentialAction\":[{\"@type\":\"SearchAction\",\"target\":{\"@type\":\"EntryPoint\",\"urlTemplate\":\"https:\/\/www.sinergiacons.it\/?s={search_term_string}\"},\"query-input\":{\"@type\":\"PropertyValueSpecification\",\"valueRequired\":true,\"valueName\":\"search_term_string\"}}],\"inLanguage\":\"en-US\"},{\"@type\":\"Organization\",\"@id\":\"https:\/\/www.sinergiacons.it\/#organization\",\"name\":\"Sinergia Consulting\",\"url\":\"https:\/\/www.sinergiacons.it\/\",\"logo\":{\"@type\":\"ImageObject\",\"inLanguage\":\"en-US\",\"@id\":\"https:\/\/www.sinergiacons.it\/#\/schema\/logo\/image\/\",\"url\":\"https:\/\/www.sinergiacons.it\/wp-content\/uploads\/2021\/10\/Raggruppa-193.svg\",\"contentUrl\":\"https:\/\/www.sinergiacons.it\/wp-content\/uploads\/2021\/10\/Raggruppa-193.svg\",\"width\":197,\"height\":49,\"caption\":\"Sinergia Consulting\"},\"image\":{\"@id\":\"https:\/\/www.sinergiacons.it\/#\/schema\/logo\/image\/\"}},{\"@type\":\"Person\",\"@id\":\"https:\/\/www.sinergiacons.it\/#\/schema\/person\/fa43fae663a71d3a89c15bee4cc020f0\",\"name\":\"nicolo\",\"image\":{\"@type\":\"ImageObject\",\"inLanguage\":\"en-US\",\"@id\":\"https:\/\/www.sinergiacons.it\/#\/schema\/person\/image\/\",\"url\":\"https:\/\/secure.gravatar.com\/avatar\/ae9fe22fe9f9dcdc71b8e44c4c25415d5a3a4163521bca8a46a0bc3b5f7464f9?s=96&d=mm&r=g\",\"contentUrl\":\"https:\/\/secure.gravatar.com\/avatar\/ae9fe22fe9f9dcdc71b8e44c4c25415d5a3a4163521bca8a46a0bc3b5f7464f9?s=96&d=mm&r=g\",\"caption\":\"nicolo\"},\"sameAs\":[\"https:\/\/www.sinergiacons.it\"]}]}<\/script>\n<!-- \/ Yoast SEO plugin. -->","yoast_head_json":{"title":"Energia Elettrica - Aggiornamento della struttura tariffaria degli oneri generali di sistema - 1 gennaio 2018 | Sinergia","description":"Dal 1 gennaio 2018 sono variate alcune delle voci di costo, relative agli oneri di sistema, che determinano parte dell'importo\u00a0delle fatture di energia","robots":{"index":"index","follow":"follow","max-snippet":"max-snippet:-1","max-image-preview":"max-image-preview:large","max-video-preview":"max-video-preview:-1"},"canonical":"https:\/\/www.sinergiacons.it\/en\/energia-elettrica-aggiornamento-della-struttura-tariffaria-degli-oneri-generali-di-sistema-1-gennaio-2018\/","og_locale":"en_US","og_type":"article","og_title":"Energia Elettrica - Aggiornamento della struttura tariffaria degli oneri generali di sistema - 1 gennaio 2018 | Sinergia","og_description":"Dal 1 gennaio 2018 sono variate alcune delle voci di costo, relative agli oneri di sistema, che determinano parte dell'importo\u00a0delle fatture di energia","og_url":"https:\/\/www.sinergiacons.it\/en\/energia-elettrica-aggiornamento-della-struttura-tariffaria-degli-oneri-generali-di-sistema-1-gennaio-2018\/","og_site_name":"Sinergia","article_published_time":"2018-01-25T14:07:16+00:00","og_image":[{"width":1170,"height":875,"url":"https:\/\/www.sinergiacons.it\/wp-content\/uploads\/2021\/10\/news-sin-evidenza-1170x875-1.jpg","type":"image\/jpeg"}],"author":"nicolo","twitter_card":"summary_large_image","twitter_misc":{"Written by":"nicolo","Est. reading time":"2 minutes"},"schema":{"@context":"https:\/\/schema.org","@graph":[{"@type":"Article","@id":"https:\/\/www.sinergiacons.it\/energia-elettrica-aggiornamento-della-struttura-tariffaria-degli-oneri-generali-di-sistema-1-gennaio-2018\/#article","isPartOf":{"@id":"https:\/\/www.sinergiacons.it\/energia-elettrica-aggiornamento-della-struttura-tariffaria-degli-oneri-generali-di-sistema-1-gennaio-2018\/"},"author":{"name":"nicolo","@id":"https:\/\/www.sinergiacons.it\/#\/schema\/person\/fa43fae663a71d3a89c15bee4cc020f0"},"headline":"Energia Elettrica - Aggiornamento della struttura tariffaria degli oneri generali di sistema - 1 gennaio 2018","datePublished":"2018-01-25T14:07:16+00:00","mainEntityOfPage":{"@id":"https:\/\/www.sinergiacons.it\/energia-elettrica-aggiornamento-della-struttura-tariffaria-degli-oneri-generali-di-sistema-1-gennaio-2018\/"},"wordCount":363,"publisher":{"@id":"https:\/\/www.sinergiacons.it\/#organization"},"image":{"@id":"https:\/\/www.sinergiacons.it\/energia-elettrica-aggiornamento-della-struttura-tariffaria-degli-oneri-generali-di-sistema-1-gennaio-2018\/#primaryimage"},"thumbnailUrl":"https:\/\/www.sinergiacons.it\/wp-content\/uploads\/2021\/10\/news-sin-evidenza-1170x875-1.jpg","articleSection":["News"],"inLanguage":"en-US"},{"@type":"WebPage","@id":"https:\/\/www.sinergiacons.it\/energia-elettrica-aggiornamento-della-struttura-tariffaria-degli-oneri-generali-di-sistema-1-gennaio-2018\/","url":"https:\/\/www.sinergiacons.it\/energia-elettrica-aggiornamento-della-struttura-tariffaria-degli-oneri-generali-di-sistema-1-gennaio-2018\/","name":"Energia Elettrica - Aggiornamento della struttura tariffaria degli oneri generali di sistema - 1 gennaio 2018 | Sinergia","isPartOf":{"@id":"https:\/\/www.sinergiacons.it\/#website"},"primaryImageOfPage":{"@id":"https:\/\/www.sinergiacons.it\/energia-elettrica-aggiornamento-della-struttura-tariffaria-degli-oneri-generali-di-sistema-1-gennaio-2018\/#primaryimage"},"image":{"@id":"https:\/\/www.sinergiacons.it\/energia-elettrica-aggiornamento-della-struttura-tariffaria-degli-oneri-generali-di-sistema-1-gennaio-2018\/#primaryimage"},"thumbnailUrl":"https:\/\/www.sinergiacons.it\/wp-content\/uploads\/2021\/10\/news-sin-evidenza-1170x875-1.jpg","datePublished":"2018-01-25T14:07:16+00:00","description":"Dal 1 gennaio 2018 sono variate alcune delle voci di costo, relative agli oneri di sistema, che determinano parte dell'importo\u00a0delle fatture di energia","breadcrumb":{"@id":"https:\/\/www.sinergiacons.it\/energia-elettrica-aggiornamento-della-struttura-tariffaria-degli-oneri-generali-di-sistema-1-gennaio-2018\/#breadcrumb"},"inLanguage":"en-US","potentialAction":[{"@type":"ReadAction","target":["https:\/\/www.sinergiacons.it\/energia-elettrica-aggiornamento-della-struttura-tariffaria-degli-oneri-generali-di-sistema-1-gennaio-2018\/"]}]},{"@type":"ImageObject","inLanguage":"en-US","@id":"https:\/\/www.sinergiacons.it\/energia-elettrica-aggiornamento-della-struttura-tariffaria-degli-oneri-generali-di-sistema-1-gennaio-2018\/#primaryimage","url":"https:\/\/www.sinergiacons.it\/wp-content\/uploads\/2021\/10\/news-sin-evidenza-1170x875-1.jpg","contentUrl":"https:\/\/www.sinergiacons.it\/wp-content\/uploads\/2021\/10\/news-sin-evidenza-1170x875-1.jpg","width":1170,"height":875},{"@type":"BreadcrumbList","@id":"https:\/\/www.sinergiacons.it\/energia-elettrica-aggiornamento-della-struttura-tariffaria-degli-oneri-generali-di-sistema-1-gennaio-2018\/#breadcrumb","itemListElement":[{"@type":"ListItem","position":1,"name":"Home","item":"https:\/\/www.sinergiacons.it\/"},{"@type":"ListItem","position":2,"name":"Energia Elettrica - Aggiornamento della struttura tariffaria degli oneri generali di sistema - 1 gennaio 2018"}]},{"@type":"WebSite","@id":"https:\/\/www.sinergiacons.it\/#website","url":"https:\/\/www.sinergiacons.it\/","name":"Sinergia","description":"Gas &amp; Power Consulting","publisher":{"@id":"https:\/\/www.sinergiacons.it\/#organization"},"potentialAction":[{"@type":"SearchAction","target":{"@type":"EntryPoint","urlTemplate":"https:\/\/www.sinergiacons.it\/?s={search_term_string}"},"query-input":{"@type":"PropertyValueSpecification","valueRequired":true,"valueName":"search_term_string"}}],"inLanguage":"en-US"},{"@type":"Organization","@id":"https:\/\/www.sinergiacons.it\/#organization","name":"Sinergia Consulting","url":"https:\/\/www.sinergiacons.it\/","logo":{"@type":"ImageObject","inLanguage":"en-US","@id":"https:\/\/www.sinergiacons.it\/#\/schema\/logo\/image\/","url":"https:\/\/www.sinergiacons.it\/wp-content\/uploads\/2021\/10\/Raggruppa-193.svg","contentUrl":"https:\/\/www.sinergiacons.it\/wp-content\/uploads\/2021\/10\/Raggruppa-193.svg","width":197,"height":49,"caption":"Sinergia Consulting"},"image":{"@id":"https:\/\/www.sinergiacons.it\/#\/schema\/logo\/image\/"}},{"@type":"Person","@id":"https:\/\/www.sinergiacons.it\/#\/schema\/person\/fa43fae663a71d3a89c15bee4cc020f0","name":"nicolo","image":{"@type":"ImageObject","inLanguage":"en-US","@id":"https:\/\/www.sinergiacons.it\/#\/schema\/person\/image\/","url":"https:\/\/secure.gravatar.com\/avatar\/ae9fe22fe9f9dcdc71b8e44c4c25415d5a3a4163521bca8a46a0bc3b5f7464f9?s=96&d=mm&r=g","contentUrl":"https:\/\/secure.gravatar.com\/avatar\/ae9fe22fe9f9dcdc71b8e44c4c25415d5a3a4163521bca8a46a0bc3b5f7464f9?s=96&d=mm&r=g","caption":"nicolo"},"sameAs":["https:\/\/www.sinergiacons.it"]}]}},"_links":{"self":[{"href":"https:\/\/www.sinergiacons.it\/en\/wp-json\/wp\/v2\/posts\/9992","targetHints":{"allow":["GET"]}}],"collection":[{"href":"https:\/\/www.sinergiacons.it\/en\/wp-json\/wp\/v2\/posts"}],"about":[{"href":"https:\/\/www.sinergiacons.it\/en\/wp-json\/wp\/v2\/types\/post"}],"author":[{"embeddable":true,"href":"https:\/\/www.sinergiacons.it\/en\/wp-json\/wp\/v2\/users\/1"}],"replies":[{"embeddable":true,"href":"https:\/\/www.sinergiacons.it\/en\/wp-json\/wp\/v2\/comments?post=9992"}],"version-history":[{"count":0,"href":"https:\/\/www.sinergiacons.it\/en\/wp-json\/wp\/v2\/posts\/9992\/revisions"}],"wp:featuredmedia":[{"embeddable":true,"href":"https:\/\/www.sinergiacons.it\/en\/wp-json\/wp\/v2\/media\/61"}],"wp:attachment":[{"href":"https:\/\/www.sinergiacons.it\/en\/wp-json\/wp\/v2\/media?parent=9992"}],"wp:term":[{"taxonomy":"category","embeddable":true,"href":"https:\/\/www.sinergiacons.it\/en\/wp-json\/wp\/v2\/categories?post=9992"},{"taxonomy":"post_tag","embeddable":true,"href":"https:\/\/www.sinergiacons.it\/en\/wp-json\/wp\/v2\/tags?post=9992"}],"curies":[{"name":"wp","href":"https:\/\/api.w.org\/{rel}","templated":true}]}}