{"id":9980,"date":"2017-11-23T15:08:11","date_gmt":"2017-11-23T14:08:11","guid":{"rendered":"http:\/\/www.sinergiacons.it\/?p=9980"},"modified":"2017-11-23T15:08:11","modified_gmt":"2017-11-23T14:08:11","slug":"sen-2017-competitivita-ridurre-il-gap-di-prezzo-dellenergia-allineandosi-a-prezzi-ue","status":"publish","type":"post","link":"https:\/\/www.sinergiacons.it\/en\/sen-2017-competitivita-ridurre-il-gap-di-prezzo-dellenergia-allineandosi-a-prezzi-ue\/","title":{"rendered":"SEN 2017 - Competitivit\u00e0: Ridurre il gap di prezzo dell'energia allineandosi a prezzi UE"},"content":{"rendered":"<p>Uno degli obiettivi principali della\u00a0<strong>Strategia Energetica Nazionale 2017<\/strong>, approvata lo scorso 10 novembre, \u00e8 quello di rendere il sistema energetico nazionale pi\u00f9 competitivo.<\/p>\n<p>Il miglioramento della\u00a0<strong>competitivit\u00e0<\/strong>\u00a0del Paese richiede interventi per ridurre i differenziali di costo e di prezzo per tutti i consumatori, il completamento dei processi di liberalizzazione e strumenti per tutelare la competitivit\u00e0 dei settori industriali energivori, prevenendo i rischi di delocalizzazione e tutelando l\u2019occupazione. L\u2019obiettivo \u00e8 quindi quello di\u00a0<strong>ridurre il gap di costo<\/strong>\u00a0tra il gas italiano e quello del nord Europa (nel 2016 pari a\u00a0pi\u00f9 di 2 \u20accent\/mc) e quello di ridurre il gap sui prezzi dell\u2019elettricit\u00e0 rispetto alla media UE (pari a circa 35 \u20ac\/MWh nel 2015 per la famiglia media e intorno al 25% in media per le imprese).<\/p>\n<p>Per il\u00a0<strong>mercato elettrico<\/strong>, tutto ci\u00f2, si traduce in:<\/p>\n<p>- progressiva convergenza del mix generativo a livello UE<\/p>\n<p>- riduzione della spesa energetica per effetto dell\u2019efficienza e dell\u2019evoluzione tecnologica<\/p>\n<p>- interventi a tutela dei settori industriali energivori<\/p>\n<p>- riduzione del costo medio delle rinnovabili<\/p>\n<p>- investimenti sulla rete per superare le attuali congestioni<\/p>\n<p>- liberalizzazione completa del mercato retail<\/p>\n<p>Per il\u00a0<strong>mercato gas<\/strong>, invece, significa:<\/p>\n<p>- attuare misure per eliminare le attuali distorsioni di prezzo tra mercato italiano e mercati nord europei<\/p>\n<p>- aumentare la liquidit\u00e0 e la concorrenza nell\u2019offerta di gas, legata alla contrazione della domanda, al nuovo ruolo di transito della rete e alle misure per aumentare gli scambi di gas sulla borsa<\/p>\n<p>- allocare ad asta delle capacit\u00e0 di rigassificazione dei terminali esistenti per attirare forniture di GNL<\/p>\n<p>- compiere interventi a tutela dei settori industriali gasivori<\/p>\n<p>La SEN definisce le misure per raggiungere i traguardi di crescita sostenibile stabiliti nella COP21 contribuendo in particolare all\u2019obiettivo della decarbonizzazione dell\u2019economia e della lotta ai cambiamenti climatici. Rinnovabili ed efficienza contribuiscono non soltanto alla tutela dell\u2019ambiente ma anche alla sicurezza \u2013 riducendo la dipendenza del sistema energetico \u2013 e all\u2019economicit\u00e0, favorendo la riduzione dei costi e della spesa.<\/p>\n<p>Di seguito le azioni strategiche:<\/p>\n<p>A- Promuovere ulteriormente la\u00a0<strong>diffusione delle tecnologie rinnovabili<\/strong>\u00a0bassoemissive portando nel 2030 la % delle rinnovabili sui consumi complessivi pari al 28% (dal 17.5% del 2015), la % di rinnovabili elettriche al 55% (dal 33.5% del 2015), la % di rinnovabili termiche al 30% (dal 19.2% del 2015) e la % di rinnovabili trasporti al 21% (dal 6.4% del 2015).<\/p>\n<p>B- Favorire\u00a0<strong>interventi di efficienza energetica<\/strong>\u00a0che permettano di massimizzare i benefici di sostenibilit\u00e0 e contenere i costi di sistema riducendo i consumi annui dal 2021 al 2030 (10 Mtep\/anno) e cambiando il mix settoriale per favorire il raggiungimento del target di riduzione CO2 non-ETS con focus su residenziale e trasporti.<\/p>\n<p>C- Accelerare la\u00a0<strong>decarbonizzazione<\/strong>\u00a0del sistema energetico attraverso la chiusura degli impianti termoelettrici a carbone al 2025, da realizzarsi tramite un puntuale piano di interventi infrastrutturali.<\/p>\n<p>D- Incrementare le\u00a0<strong>risorse pubbliche<\/strong>\u00a0per ricerca e sviluppo tecnologico in ambito clean energy raddoppiando gli investimenti in ricerca e sviluppo tecnologico clean energy: da 222 Milioni nel 2013 a 444 Milioni nel 2021.<\/p>\n<p>Il mondo energetico che conosciamo e in cui\u00a0operiamo inizier\u00e0 a subire presto importanti evoluzioni; Sinergia Consulting, da sempre aggiornata sulla normativa del settore, sar\u00e0 il tuo punto di riferimento per restare al passo ed usufruire di tutte le opportunit\u00e0 che il sistema Italia ha messo in campo!<\/p>","protected":false},"excerpt":{"rendered":"<p>Uno degli obiettivi principali della\u00a0Strategia Energetica Nazionale 2017, approvata [&hellip;]<\/p>","protected":false},"author":1,"featured_media":61,"comment_status":"closed","ping_status":"closed","sticky":false,"template":"","format":"standard","meta":{"footnotes":""},"categories":[1],"tags":[],"class_list":["post-9980","post","type-post","status-publish","format-standard","has-post-thumbnail","hentry","category-news"],"yoast_head":"<!-- This site is optimized with the Yoast SEO plugin v26.1.1 - https:\/\/yoast.com\/wordpress\/plugins\/seo\/ -->\n<title>SEN 2017 - Competitivit\u00e0: Ridurre il gap di prezzo dell&#039;energia allineandosi a prezzi UE | Sinergia<\/title>\n<meta name=\"description\" content=\"Uno degli obiettivi principali della\u00a0Strategia Energetica Nazionale 2017, approvata lo scorso 10 novembre, \u00e8 quello di rendere il sistema energetico\" \/>\n<meta name=\"robots\" content=\"index, follow, max-snippet:-1, max-image-preview:large, max-video-preview:-1\" \/>\n<link rel=\"canonical\" href=\"https:\/\/www.sinergiacons.it\/en\/sen-2017-competitivita-ridurre-il-gap-di-prezzo-dellenergia-allineandosi-a-prezzi-ue\/\" \/>\n<meta property=\"og:locale\" content=\"en_US\" \/>\n<meta property=\"og:type\" content=\"article\" \/>\n<meta property=\"og:title\" content=\"SEN 2017 - Competitivit\u00e0: Ridurre il gap di prezzo dell&#039;energia allineandosi a prezzi UE | Sinergia\" \/>\n<meta property=\"og:description\" content=\"Uno degli obiettivi principali della\u00a0Strategia Energetica Nazionale 2017, approvata lo scorso 10 novembre, \u00e8 quello di rendere il sistema energetico\" \/>\n<meta property=\"og:url\" content=\"https:\/\/www.sinergiacons.it\/en\/sen-2017-competitivita-ridurre-il-gap-di-prezzo-dellenergia-allineandosi-a-prezzi-ue\/\" \/>\n<meta property=\"og:site_name\" content=\"Sinergia\" \/>\n<meta property=\"article:published_time\" content=\"2017-11-23T14:08:11+00:00\" \/>\n<meta property=\"og:image\" content=\"https:\/\/www.sinergiacons.it\/wp-content\/uploads\/2021\/10\/news-sin-evidenza-1170x875-1.jpg\" \/>\n\t<meta property=\"og:image:width\" content=\"1170\" \/>\n\t<meta property=\"og:image:height\" content=\"875\" \/>\n\t<meta property=\"og:image:type\" content=\"image\/jpeg\" \/>\n<meta name=\"author\" content=\"nicolo\" \/>\n<meta name=\"twitter:card\" content=\"summary_large_image\" \/>\n<meta name=\"twitter:label1\" content=\"Written by\" \/>\n\t<meta name=\"twitter:data1\" content=\"nicolo\" \/>\n\t<meta name=\"twitter:label2\" content=\"Est. reading time\" \/>\n\t<meta name=\"twitter:data2\" content=\"3 minutes\" \/>\n<script type=\"application\/ld+json\" class=\"yoast-schema-graph\">{\"@context\":\"https:\/\/schema.org\",\"@graph\":[{\"@type\":\"Article\",\"@id\":\"https:\/\/www.sinergiacons.it\/sen-2017-competitivita-ridurre-il-gap-di-prezzo-dellenergia-allineandosi-a-prezzi-ue\/#article\",\"isPartOf\":{\"@id\":\"https:\/\/www.sinergiacons.it\/sen-2017-competitivita-ridurre-il-gap-di-prezzo-dellenergia-allineandosi-a-prezzi-ue\/\"},\"author\":{\"name\":\"nicolo\",\"@id\":\"https:\/\/www.sinergiacons.it\/#\/schema\/person\/fa43fae663a71d3a89c15bee4cc020f0\"},\"headline\":\"SEN 2017 - Competitivit\u00e0: Ridurre il gap di prezzo dell'energia allineandosi a prezzi UE\",\"datePublished\":\"2017-11-23T14:08:11+00:00\",\"mainEntityOfPage\":{\"@id\":\"https:\/\/www.sinergiacons.it\/sen-2017-competitivita-ridurre-il-gap-di-prezzo-dellenergia-allineandosi-a-prezzi-ue\/\"},\"wordCount\":542,\"publisher\":{\"@id\":\"https:\/\/www.sinergiacons.it\/#organization\"},\"image\":{\"@id\":\"https:\/\/www.sinergiacons.it\/sen-2017-competitivita-ridurre-il-gap-di-prezzo-dellenergia-allineandosi-a-prezzi-ue\/#primaryimage\"},\"thumbnailUrl\":\"https:\/\/www.sinergiacons.it\/wp-content\/uploads\/2021\/10\/news-sin-evidenza-1170x875-1.jpg\",\"articleSection\":[\"News\"],\"inLanguage\":\"en-US\"},{\"@type\":\"WebPage\",\"@id\":\"https:\/\/www.sinergiacons.it\/sen-2017-competitivita-ridurre-il-gap-di-prezzo-dellenergia-allineandosi-a-prezzi-ue\/\",\"url\":\"https:\/\/www.sinergiacons.it\/sen-2017-competitivita-ridurre-il-gap-di-prezzo-dellenergia-allineandosi-a-prezzi-ue\/\",\"name\":\"SEN 2017 - Competitivit\u00e0: Ridurre il gap di prezzo dell'energia allineandosi a prezzi UE | Sinergia\",\"isPartOf\":{\"@id\":\"https:\/\/www.sinergiacons.it\/#website\"},\"primaryImageOfPage\":{\"@id\":\"https:\/\/www.sinergiacons.it\/sen-2017-competitivita-ridurre-il-gap-di-prezzo-dellenergia-allineandosi-a-prezzi-ue\/#primaryimage\"},\"image\":{\"@id\":\"https:\/\/www.sinergiacons.it\/sen-2017-competitivita-ridurre-il-gap-di-prezzo-dellenergia-allineandosi-a-prezzi-ue\/#primaryimage\"},\"thumbnailUrl\":\"https:\/\/www.sinergiacons.it\/wp-content\/uploads\/2021\/10\/news-sin-evidenza-1170x875-1.jpg\",\"datePublished\":\"2017-11-23T14:08:11+00:00\",\"description\":\"Uno degli obiettivi principali della\u00a0Strategia Energetica Nazionale 2017, approvata lo scorso 10 novembre, \u00e8 quello di rendere il sistema energetico\",\"breadcrumb\":{\"@id\":\"https:\/\/www.sinergiacons.it\/sen-2017-competitivita-ridurre-il-gap-di-prezzo-dellenergia-allineandosi-a-prezzi-ue\/#breadcrumb\"},\"inLanguage\":\"en-US\",\"potentialAction\":[{\"@type\":\"ReadAction\",\"target\":[\"https:\/\/www.sinergiacons.it\/sen-2017-competitivita-ridurre-il-gap-di-prezzo-dellenergia-allineandosi-a-prezzi-ue\/\"]}]},{\"@type\":\"ImageObject\",\"inLanguage\":\"en-US\",\"@id\":\"https:\/\/www.sinergiacons.it\/sen-2017-competitivita-ridurre-il-gap-di-prezzo-dellenergia-allineandosi-a-prezzi-ue\/#primaryimage\",\"url\":\"https:\/\/www.sinergiacons.it\/wp-content\/uploads\/2021\/10\/news-sin-evidenza-1170x875-1.jpg\",\"contentUrl\":\"https:\/\/www.sinergiacons.it\/wp-content\/uploads\/2021\/10\/news-sin-evidenza-1170x875-1.jpg\",\"width\":1170,\"height\":875},{\"@type\":\"BreadcrumbList\",\"@id\":\"https:\/\/www.sinergiacons.it\/sen-2017-competitivita-ridurre-il-gap-di-prezzo-dellenergia-allineandosi-a-prezzi-ue\/#breadcrumb\",\"itemListElement\":[{\"@type\":\"ListItem\",\"position\":1,\"name\":\"Home\",\"item\":\"https:\/\/www.sinergiacons.it\/\"},{\"@type\":\"ListItem\",\"position\":2,\"name\":\"SEN 2017 - Competitivit\u00e0: Ridurre il gap di prezzo dell'energia allineandosi a prezzi UE\"}]},{\"@type\":\"WebSite\",\"@id\":\"https:\/\/www.sinergiacons.it\/#website\",\"url\":\"https:\/\/www.sinergiacons.it\/\",\"name\":\"Sinergia\",\"description\":\"Gas &amp; Power Consulting\",\"publisher\":{\"@id\":\"https:\/\/www.sinergiacons.it\/#organization\"},\"potentialAction\":[{\"@type\":\"SearchAction\",\"target\":{\"@type\":\"EntryPoint\",\"urlTemplate\":\"https:\/\/www.sinergiacons.it\/?s={search_term_string}\"},\"query-input\":{\"@type\":\"PropertyValueSpecification\",\"valueRequired\":true,\"valueName\":\"search_term_string\"}}],\"inLanguage\":\"en-US\"},{\"@type\":\"Organization\",\"@id\":\"https:\/\/www.sinergiacons.it\/#organization\",\"name\":\"Sinergia Consulting\",\"url\":\"https:\/\/www.sinergiacons.it\/\",\"logo\":{\"@type\":\"ImageObject\",\"inLanguage\":\"en-US\",\"@id\":\"https:\/\/www.sinergiacons.it\/#\/schema\/logo\/image\/\",\"url\":\"https:\/\/www.sinergiacons.it\/wp-content\/uploads\/2021\/10\/Raggruppa-193.svg\",\"contentUrl\":\"https:\/\/www.sinergiacons.it\/wp-content\/uploads\/2021\/10\/Raggruppa-193.svg\",\"width\":197,\"height\":49,\"caption\":\"Sinergia Consulting\"},\"image\":{\"@id\":\"https:\/\/www.sinergiacons.it\/#\/schema\/logo\/image\/\"}},{\"@type\":\"Person\",\"@id\":\"https:\/\/www.sinergiacons.it\/#\/schema\/person\/fa43fae663a71d3a89c15bee4cc020f0\",\"name\":\"nicolo\",\"image\":{\"@type\":\"ImageObject\",\"inLanguage\":\"en-US\",\"@id\":\"https:\/\/www.sinergiacons.it\/#\/schema\/person\/image\/\",\"url\":\"https:\/\/secure.gravatar.com\/avatar\/ae9fe22fe9f9dcdc71b8e44c4c25415d5a3a4163521bca8a46a0bc3b5f7464f9?s=96&d=mm&r=g\",\"contentUrl\":\"https:\/\/secure.gravatar.com\/avatar\/ae9fe22fe9f9dcdc71b8e44c4c25415d5a3a4163521bca8a46a0bc3b5f7464f9?s=96&d=mm&r=g\",\"caption\":\"nicolo\"},\"sameAs\":[\"https:\/\/www.sinergiacons.it\"]}]}<\/script>\n<!-- \/ Yoast SEO plugin. -->","yoast_head_json":{"title":"SEN 2017 - Competitivit\u00e0: Ridurre il gap di prezzo dell'energia allineandosi a prezzi UE | Sinergia","description":"Uno degli obiettivi principali della\u00a0Strategia Energetica Nazionale 2017, approvata lo scorso 10 novembre, \u00e8 quello di rendere il sistema energetico","robots":{"index":"index","follow":"follow","max-snippet":"max-snippet:-1","max-image-preview":"max-image-preview:large","max-video-preview":"max-video-preview:-1"},"canonical":"https:\/\/www.sinergiacons.it\/en\/sen-2017-competitivita-ridurre-il-gap-di-prezzo-dellenergia-allineandosi-a-prezzi-ue\/","og_locale":"en_US","og_type":"article","og_title":"SEN 2017 - Competitivit\u00e0: Ridurre il gap di prezzo dell'energia allineandosi a prezzi UE | Sinergia","og_description":"Uno degli obiettivi principali della\u00a0Strategia Energetica Nazionale 2017, approvata lo scorso 10 novembre, \u00e8 quello di rendere il sistema energetico","og_url":"https:\/\/www.sinergiacons.it\/en\/sen-2017-competitivita-ridurre-il-gap-di-prezzo-dellenergia-allineandosi-a-prezzi-ue\/","og_site_name":"Sinergia","article_published_time":"2017-11-23T14:08:11+00:00","og_image":[{"width":1170,"height":875,"url":"https:\/\/www.sinergiacons.it\/wp-content\/uploads\/2021\/10\/news-sin-evidenza-1170x875-1.jpg","type":"image\/jpeg"}],"author":"nicolo","twitter_card":"summary_large_image","twitter_misc":{"Written by":"nicolo","Est. reading time":"3 minutes"},"schema":{"@context":"https:\/\/schema.org","@graph":[{"@type":"Article","@id":"https:\/\/www.sinergiacons.it\/sen-2017-competitivita-ridurre-il-gap-di-prezzo-dellenergia-allineandosi-a-prezzi-ue\/#article","isPartOf":{"@id":"https:\/\/www.sinergiacons.it\/sen-2017-competitivita-ridurre-il-gap-di-prezzo-dellenergia-allineandosi-a-prezzi-ue\/"},"author":{"name":"nicolo","@id":"https:\/\/www.sinergiacons.it\/#\/schema\/person\/fa43fae663a71d3a89c15bee4cc020f0"},"headline":"SEN 2017 - Competitivit\u00e0: Ridurre il gap di prezzo dell'energia allineandosi a prezzi UE","datePublished":"2017-11-23T14:08:11+00:00","mainEntityOfPage":{"@id":"https:\/\/www.sinergiacons.it\/sen-2017-competitivita-ridurre-il-gap-di-prezzo-dellenergia-allineandosi-a-prezzi-ue\/"},"wordCount":542,"publisher":{"@id":"https:\/\/www.sinergiacons.it\/#organization"},"image":{"@id":"https:\/\/www.sinergiacons.it\/sen-2017-competitivita-ridurre-il-gap-di-prezzo-dellenergia-allineandosi-a-prezzi-ue\/#primaryimage"},"thumbnailUrl":"https:\/\/www.sinergiacons.it\/wp-content\/uploads\/2021\/10\/news-sin-evidenza-1170x875-1.jpg","articleSection":["News"],"inLanguage":"en-US"},{"@type":"WebPage","@id":"https:\/\/www.sinergiacons.it\/sen-2017-competitivita-ridurre-il-gap-di-prezzo-dellenergia-allineandosi-a-prezzi-ue\/","url":"https:\/\/www.sinergiacons.it\/sen-2017-competitivita-ridurre-il-gap-di-prezzo-dellenergia-allineandosi-a-prezzi-ue\/","name":"SEN 2017 - Competitivit\u00e0: Ridurre il gap di prezzo dell'energia allineandosi a prezzi UE | Sinergia","isPartOf":{"@id":"https:\/\/www.sinergiacons.it\/#website"},"primaryImageOfPage":{"@id":"https:\/\/www.sinergiacons.it\/sen-2017-competitivita-ridurre-il-gap-di-prezzo-dellenergia-allineandosi-a-prezzi-ue\/#primaryimage"},"image":{"@id":"https:\/\/www.sinergiacons.it\/sen-2017-competitivita-ridurre-il-gap-di-prezzo-dellenergia-allineandosi-a-prezzi-ue\/#primaryimage"},"thumbnailUrl":"https:\/\/www.sinergiacons.it\/wp-content\/uploads\/2021\/10\/news-sin-evidenza-1170x875-1.jpg","datePublished":"2017-11-23T14:08:11+00:00","description":"Uno degli obiettivi principali della\u00a0Strategia Energetica Nazionale 2017, approvata lo scorso 10 novembre, \u00e8 quello di rendere il sistema energetico","breadcrumb":{"@id":"https:\/\/www.sinergiacons.it\/sen-2017-competitivita-ridurre-il-gap-di-prezzo-dellenergia-allineandosi-a-prezzi-ue\/#breadcrumb"},"inLanguage":"en-US","potentialAction":[{"@type":"ReadAction","target":["https:\/\/www.sinergiacons.it\/sen-2017-competitivita-ridurre-il-gap-di-prezzo-dellenergia-allineandosi-a-prezzi-ue\/"]}]},{"@type":"ImageObject","inLanguage":"en-US","@id":"https:\/\/www.sinergiacons.it\/sen-2017-competitivita-ridurre-il-gap-di-prezzo-dellenergia-allineandosi-a-prezzi-ue\/#primaryimage","url":"https:\/\/www.sinergiacons.it\/wp-content\/uploads\/2021\/10\/news-sin-evidenza-1170x875-1.jpg","contentUrl":"https:\/\/www.sinergiacons.it\/wp-content\/uploads\/2021\/10\/news-sin-evidenza-1170x875-1.jpg","width":1170,"height":875},{"@type":"BreadcrumbList","@id":"https:\/\/www.sinergiacons.it\/sen-2017-competitivita-ridurre-il-gap-di-prezzo-dellenergia-allineandosi-a-prezzi-ue\/#breadcrumb","itemListElement":[{"@type":"ListItem","position":1,"name":"Home","item":"https:\/\/www.sinergiacons.it\/"},{"@type":"ListItem","position":2,"name":"SEN 2017 - Competitivit\u00e0: Ridurre il gap di prezzo dell'energia allineandosi a prezzi UE"}]},{"@type":"WebSite","@id":"https:\/\/www.sinergiacons.it\/#website","url":"https:\/\/www.sinergiacons.it\/","name":"Sinergia","description":"Gas &amp; Power Consulting","publisher":{"@id":"https:\/\/www.sinergiacons.it\/#organization"},"potentialAction":[{"@type":"SearchAction","target":{"@type":"EntryPoint","urlTemplate":"https:\/\/www.sinergiacons.it\/?s={search_term_string}"},"query-input":{"@type":"PropertyValueSpecification","valueRequired":true,"valueName":"search_term_string"}}],"inLanguage":"en-US"},{"@type":"Organization","@id":"https:\/\/www.sinergiacons.it\/#organization","name":"Sinergia Consulting","url":"https:\/\/www.sinergiacons.it\/","logo":{"@type":"ImageObject","inLanguage":"en-US","@id":"https:\/\/www.sinergiacons.it\/#\/schema\/logo\/image\/","url":"https:\/\/www.sinergiacons.it\/wp-content\/uploads\/2021\/10\/Raggruppa-193.svg","contentUrl":"https:\/\/www.sinergiacons.it\/wp-content\/uploads\/2021\/10\/Raggruppa-193.svg","width":197,"height":49,"caption":"Sinergia Consulting"},"image":{"@id":"https:\/\/www.sinergiacons.it\/#\/schema\/logo\/image\/"}},{"@type":"Person","@id":"https:\/\/www.sinergiacons.it\/#\/schema\/person\/fa43fae663a71d3a89c15bee4cc020f0","name":"nicolo","image":{"@type":"ImageObject","inLanguage":"en-US","@id":"https:\/\/www.sinergiacons.it\/#\/schema\/person\/image\/","url":"https:\/\/secure.gravatar.com\/avatar\/ae9fe22fe9f9dcdc71b8e44c4c25415d5a3a4163521bca8a46a0bc3b5f7464f9?s=96&d=mm&r=g","contentUrl":"https:\/\/secure.gravatar.com\/avatar\/ae9fe22fe9f9dcdc71b8e44c4c25415d5a3a4163521bca8a46a0bc3b5f7464f9?s=96&d=mm&r=g","caption":"nicolo"},"sameAs":["https:\/\/www.sinergiacons.it"]}]}},"_links":{"self":[{"href":"https:\/\/www.sinergiacons.it\/en\/wp-json\/wp\/v2\/posts\/9980","targetHints":{"allow":["GET"]}}],"collection":[{"href":"https:\/\/www.sinergiacons.it\/en\/wp-json\/wp\/v2\/posts"}],"about":[{"href":"https:\/\/www.sinergiacons.it\/en\/wp-json\/wp\/v2\/types\/post"}],"author":[{"embeddable":true,"href":"https:\/\/www.sinergiacons.it\/en\/wp-json\/wp\/v2\/users\/1"}],"replies":[{"embeddable":true,"href":"https:\/\/www.sinergiacons.it\/en\/wp-json\/wp\/v2\/comments?post=9980"}],"version-history":[{"count":0,"href":"https:\/\/www.sinergiacons.it\/en\/wp-json\/wp\/v2\/posts\/9980\/revisions"}],"wp:featuredmedia":[{"embeddable":true,"href":"https:\/\/www.sinergiacons.it\/en\/wp-json\/wp\/v2\/media\/61"}],"wp:attachment":[{"href":"https:\/\/www.sinergiacons.it\/en\/wp-json\/wp\/v2\/media?parent=9980"}],"wp:term":[{"taxonomy":"category","embeddable":true,"href":"https:\/\/www.sinergiacons.it\/en\/wp-json\/wp\/v2\/categories?post=9980"},{"taxonomy":"post_tag","embeddable":true,"href":"https:\/\/www.sinergiacons.it\/en\/wp-json\/wp\/v2\/tags?post=9980"}],"curies":[{"name":"wp","href":"https:\/\/api.w.org\/{rel}","templated":true}]}}