{"id":10757,"date":"2024-11-29T12:11:00","date_gmt":"2024-11-29T11:11:00","guid":{"rendered":"https:\/\/www.sinergiacons.it\/?p=10757"},"modified":"2024-12-05T11:42:05","modified_gmt":"2024-12-05T10:42:05","slug":"da-gennaio-il-pun-di-oggi-non-ci-sara-piu","status":"publish","type":"post","link":"https:\/\/www.sinergiacons.it\/en\/da-gennaio-il-pun-di-oggi-non-ci-sara-piu\/","title":{"rendered":"DA GENNAIO IL PUN DI OGGI NON CI SAR\u00c0 PI\u00d9"},"content":{"rendered":"<p>A partire dal&nbsp;<strong>1\u00b0 gennaio 2025<\/strong>, in Italia entrer\u00e0 in vigore un'<strong>importante riforma nel mercato elettrico<\/strong>, che prevede il superamento del&nbsp;<strong>PUN<\/strong>&nbsp;(Prezzo Unico Nazionale), sostituito da un sistema di<strong>&nbsp;PUN zonale<\/strong>&nbsp;calcolato al&nbsp;<strong>quarto d'ora<\/strong>.<\/p>\n\n\n\n<p>\u00c8 stato per\u00f2 previsto un periodo transitorio: dal 1\u00b0 gennaio, infatti, il GME calcoler\u00e0 il nuovo indice PUN Index GME con prezzi zonali opportunamente rettificati da un coefficiente di perequazione. Inizialmente la determinazione del prezzo rester\u00e0 su base oraria (almeno per il primo trimestre 2025); poi si passer\u00e0 al calcolo per quarti d\u2019ora. Il sistema perequativo, a compensazione tra il prezzo zonale e il prezzo di riferimento Index GME trover\u00e0 applicazione fino al 31 dicembre 2025. I valori, quindi, non varieranno molto rispetto a quelli dell\u2019attuale PUN.<\/p>\n\n\n\n<p>Sinergia Consulting sta gi\u00e0 adeguando i propri sistemi informatici.<\/p>\n\n\n\n<p><strong>Il&nbsp;PUN e il nuovo PUN zonale al quarto d'ora<\/strong><\/p>\n\n\n\n<p>Il&nbsp;<strong>PUN<\/strong>&nbsp;\u00e8 il prezzo medio dell'energia elettrica determinato a livello nazionale, che viene applicato a tutti i consumatori finali indipendentemente dalla zona geografica di riferimento ed \u00e8 calcolato quotidianamente in base alle dinamiche di offerta e domanda nel mercato elettrico all'ingrosso, con una base di riferimento unitaria su scala nazionale.<\/p>\n\n\n\n<p>Con l'introduzione del&nbsp;<strong>PUN zonale al quarto d'ora<\/strong>, il prezzo dell'energia elettrica sar\u00e0 determinato in tempo reale per ogni zona, tenendo conto delle condizioni di offerta e domanda per ogni intervallo di 15 minuti. Le tariffe saranno quindi pi\u00f9 aderenti alla situazione concreta del sistema energetico, permettendo di riflettere in modo pi\u00f9 accurato le fluttuazioni di prezzo a livello locale.<\/p>\n\n\n\n<ol class=\"wp-block-list\">\n<li><strong>Zonale<\/strong>: l'Italia sar\u00e0 divisa in 7 zone geografiche\u00a0specifiche (Nord,\u00a0Centro Nord,\u00a0Centro Sud,\u00a0Sud,\u00a0Calabria,\u00a0Sicilia,\u00a0Sardegna), ognuna con il proprio prezzo, che varier\u00e0 in funzione delle condizioni specifiche di ciascuna area. Questo riflette meglio le differenze nelle risorse energetiche, come la disponibilit\u00e0 di energia rinnovabile (eolico, solare, idroelettrico), la domanda e la capacit\u00e0 di rete.<\/li>\n\n\n\n<li><strong>Quarto d'ora<\/strong>: il prezzo sar\u00e0 calcolato per ogni intervallo di 15 minuti. Questo comporta una maggiore granularit\u00e0 dei dati, con variazioni del prezzo pi\u00f9 frequenti rispetto al precedente sistema giornaliero. Ci\u00f2 permette una gestione pi\u00f9 dinamica e precisa dei consumi e della produzione energetica, rendendo possibile una maggiore efficienza e ottimizzazione nella rete elettrica.<\/li>\n<\/ol>\n\n\n\n<p><strong>Le conseguenze<\/strong><\/p>\n\n\n\n<ol class=\"wp-block-list\">\n<li><strong>Maggiore efficienza del mercato<\/strong>:\u00a0adattando il prezzo alle condizioni locali, si ridurranno gli squilibri tra aree con diverse disponibilit\u00e0 di energia e capacit\u00e0 infrastrutturale.<\/li>\n\n\n\n<li><strong>Incentivazione delle rinnovabili e sostenibilit\u00e0 ambientale<\/strong>: le zone che beneficiano di maggiore produzione rinnovabile avranno la possibilit\u00e0 di abbassare i costi dell'energia, favorendo una crescita sostenibile.\u00a0<\/li>\n\n\n\n<li><strong>Incentivazione alla flessibilit\u00e0<\/strong>: il sistema incentiver\u00e0 una maggiore flessibilit\u00e0 da parte dei consumatori e dei produttori. I grandi consumatori di energia potranno ridurre i consumi nei momenti di alta domanda (quando i prezzi sono pi\u00f9 alti), mentre i produttori, soprattutto quelli con impianti rinnovabili, potranno vedere riflesso un maggiore valore nei momenti di elevata produzione di energia verde.<\/li>\n<\/ol>\n\n\n\n<p><strong>Conclusioni<\/strong><\/p>\n\n\n\n<p>Il passaggio al&nbsp;<strong>PUN zonale al quarto d'ora<\/strong>&nbsp;a partire dal&nbsp;<strong>1\u00b0 gennaio 2025<\/strong>&nbsp;rappresenta un cambiamento significativo nel modo in cui i prezzi dell'energia elettrica sono determinati e applicati. La riforma mira a riflettere meglio le differenze territoriali e a rispondere alle necessit\u00e0 di una rete sempre pi\u00f9 integrata a livello europeo e di un sistema energetico pi\u00f9 flessibile e sostenibile. Il successo di questo sistema dipender\u00e0 dalla capacit\u00e0 di consumatori e produttori di adattarsi alle nuove dinamiche del mercato e di ottimizzare l'uso dell'energia in modo efficiente.<\/p>","protected":false},"excerpt":{"rendered":"<p>A partire dal&nbsp;1\u00b0 gennaio 2025, in Italia entrer\u00e0 in [&hellip;]<\/p>","protected":false},"author":3,"featured_media":61,"comment_status":"open","ping_status":"open","sticky":false,"template":"","format":"standard","meta":{"footnotes":""},"categories":[1],"tags":[],"class_list":["post-10757","post","type-post","status-publish","format-standard","has-post-thumbnail","hentry","category-news"],"yoast_head":"<!-- This site is optimized with the Yoast SEO plugin v26.1.1 - https:\/\/yoast.com\/wordpress\/plugins\/seo\/ -->\n<title>DA GENNAIO IL PUN DI OGGI NON CI SAR\u00c0 PI\u00d9 | Sinergia<\/title>\n<meta name=\"description\" content=\"A partire dal&nbsp;1\u00b0 gennaio 2025, in Italia entrer\u00e0 in vigore un&#039;importante riforma nel mercato elettrico, che prevede il superamento\" \/>\n<meta name=\"robots\" content=\"index, follow, max-snippet:-1, max-image-preview:large, max-video-preview:-1\" \/>\n<link rel=\"canonical\" href=\"https:\/\/www.sinergiacons.it\/en\/da-gennaio-il-pun-di-oggi-non-ci-sara-piu\/\" \/>\n<meta property=\"og:locale\" content=\"en_US\" \/>\n<meta property=\"og:type\" content=\"article\" \/>\n<meta property=\"og:title\" content=\"DA GENNAIO IL PUN DI OGGI NON CI SAR\u00c0 PI\u00d9 | Sinergia\" \/>\n<meta property=\"og:description\" content=\"A partire dal&nbsp;1\u00b0 gennaio 2025, in Italia entrer\u00e0 in vigore un&#039;importante riforma nel mercato elettrico, che prevede il superamento\" \/>\n<meta property=\"og:url\" content=\"https:\/\/www.sinergiacons.it\/en\/da-gennaio-il-pun-di-oggi-non-ci-sara-piu\/\" \/>\n<meta property=\"og:site_name\" content=\"Sinergia\" \/>\n<meta property=\"article:published_time\" content=\"2024-11-29T11:11:00+00:00\" \/>\n<meta property=\"article:modified_time\" content=\"2024-12-05T10:42:05+00:00\" \/>\n<meta property=\"og:image\" content=\"https:\/\/www.sinergiacons.it\/wp-content\/uploads\/2021\/10\/news-sin-evidenza-1170x875-1.jpg\" \/>\n\t<meta property=\"og:image:width\" content=\"1170\" \/>\n\t<meta property=\"og:image:height\" content=\"875\" \/>\n\t<meta property=\"og:image:type\" content=\"image\/jpeg\" \/>\n<meta name=\"author\" content=\"sinergia\" \/>\n<meta name=\"twitter:card\" content=\"summary_large_image\" \/>\n<meta name=\"twitter:label1\" content=\"Written by\" \/>\n\t<meta name=\"twitter:data1\" content=\"sinergia\" \/>\n\t<meta name=\"twitter:label2\" content=\"Est. reading time\" \/>\n\t<meta name=\"twitter:data2\" content=\"3 minutes\" \/>\n<script type=\"application\/ld+json\" class=\"yoast-schema-graph\">{\"@context\":\"https:\/\/schema.org\",\"@graph\":[{\"@type\":\"Article\",\"@id\":\"https:\/\/www.sinergiacons.it\/da-gennaio-il-pun-di-oggi-non-ci-sara-piu\/#article\",\"isPartOf\":{\"@id\":\"https:\/\/www.sinergiacons.it\/da-gennaio-il-pun-di-oggi-non-ci-sara-piu\/\"},\"author\":{\"name\":\"sinergia\",\"@id\":\"https:\/\/www.sinergiacons.it\/#\/schema\/person\/86692fba1a47c4ab1ff2f40244578ce8\"},\"headline\":\"DA GENNAIO IL PUN DI OGGI NON CI SAR\u00c0 PI\u00d9\",\"datePublished\":\"2024-11-29T11:11:00+00:00\",\"dateModified\":\"2024-12-05T10:42:05+00:00\",\"mainEntityOfPage\":{\"@id\":\"https:\/\/www.sinergiacons.it\/da-gennaio-il-pun-di-oggi-non-ci-sara-piu\/\"},\"wordCount\":591,\"commentCount\":0,\"publisher\":{\"@id\":\"https:\/\/www.sinergiacons.it\/#organization\"},\"image\":{\"@id\":\"https:\/\/www.sinergiacons.it\/da-gennaio-il-pun-di-oggi-non-ci-sara-piu\/#primaryimage\"},\"thumbnailUrl\":\"https:\/\/www.sinergiacons.it\/wp-content\/uploads\/2021\/10\/news-sin-evidenza-1170x875-1.jpg\",\"articleSection\":[\"News\"],\"inLanguage\":\"en-US\",\"potentialAction\":[{\"@type\":\"CommentAction\",\"name\":\"Comment\",\"target\":[\"https:\/\/www.sinergiacons.it\/da-gennaio-il-pun-di-oggi-non-ci-sara-piu\/#respond\"]}]},{\"@type\":\"WebPage\",\"@id\":\"https:\/\/www.sinergiacons.it\/da-gennaio-il-pun-di-oggi-non-ci-sara-piu\/\",\"url\":\"https:\/\/www.sinergiacons.it\/da-gennaio-il-pun-di-oggi-non-ci-sara-piu\/\",\"name\":\"DA GENNAIO IL PUN DI OGGI NON CI SAR\u00c0 PI\u00d9 | Sinergia\",\"isPartOf\":{\"@id\":\"https:\/\/www.sinergiacons.it\/#website\"},\"primaryImageOfPage\":{\"@id\":\"https:\/\/www.sinergiacons.it\/da-gennaio-il-pun-di-oggi-non-ci-sara-piu\/#primaryimage\"},\"image\":{\"@id\":\"https:\/\/www.sinergiacons.it\/da-gennaio-il-pun-di-oggi-non-ci-sara-piu\/#primaryimage\"},\"thumbnailUrl\":\"https:\/\/www.sinergiacons.it\/wp-content\/uploads\/2021\/10\/news-sin-evidenza-1170x875-1.jpg\",\"datePublished\":\"2024-11-29T11:11:00+00:00\",\"dateModified\":\"2024-12-05T10:42:05+00:00\",\"description\":\"A partire dal&nbsp;1\u00b0 gennaio 2025, in Italia entrer\u00e0 in vigore un'importante riforma nel mercato elettrico, che prevede il superamento\",\"breadcrumb\":{\"@id\":\"https:\/\/www.sinergiacons.it\/da-gennaio-il-pun-di-oggi-non-ci-sara-piu\/#breadcrumb\"},\"inLanguage\":\"en-US\",\"potentialAction\":[{\"@type\":\"ReadAction\",\"target\":[\"https:\/\/www.sinergiacons.it\/da-gennaio-il-pun-di-oggi-non-ci-sara-piu\/\"]}]},{\"@type\":\"ImageObject\",\"inLanguage\":\"en-US\",\"@id\":\"https:\/\/www.sinergiacons.it\/da-gennaio-il-pun-di-oggi-non-ci-sara-piu\/#primaryimage\",\"url\":\"https:\/\/www.sinergiacons.it\/wp-content\/uploads\/2021\/10\/news-sin-evidenza-1170x875-1.jpg\",\"contentUrl\":\"https:\/\/www.sinergiacons.it\/wp-content\/uploads\/2021\/10\/news-sin-evidenza-1170x875-1.jpg\",\"width\":1170,\"height\":875},{\"@type\":\"BreadcrumbList\",\"@id\":\"https:\/\/www.sinergiacons.it\/da-gennaio-il-pun-di-oggi-non-ci-sara-piu\/#breadcrumb\",\"itemListElement\":[{\"@type\":\"ListItem\",\"position\":1,\"name\":\"Home\",\"item\":\"https:\/\/www.sinergiacons.it\/\"},{\"@type\":\"ListItem\",\"position\":2,\"name\":\"DA GENNAIO IL PUN DI OGGI NON CI SAR\u00c0 PI\u00d9\"}]},{\"@type\":\"WebSite\",\"@id\":\"https:\/\/www.sinergiacons.it\/#website\",\"url\":\"https:\/\/www.sinergiacons.it\/\",\"name\":\"Sinergia\",\"description\":\"Gas &amp; Power Consulting\",\"publisher\":{\"@id\":\"https:\/\/www.sinergiacons.it\/#organization\"},\"potentialAction\":[{\"@type\":\"SearchAction\",\"target\":{\"@type\":\"EntryPoint\",\"urlTemplate\":\"https:\/\/www.sinergiacons.it\/?s={search_term_string}\"},\"query-input\":{\"@type\":\"PropertyValueSpecification\",\"valueRequired\":true,\"valueName\":\"search_term_string\"}}],\"inLanguage\":\"en-US\"},{\"@type\":\"Organization\",\"@id\":\"https:\/\/www.sinergiacons.it\/#organization\",\"name\":\"Sinergia Consulting\",\"url\":\"https:\/\/www.sinergiacons.it\/\",\"logo\":{\"@type\":\"ImageObject\",\"inLanguage\":\"en-US\",\"@id\":\"https:\/\/www.sinergiacons.it\/#\/schema\/logo\/image\/\",\"url\":\"https:\/\/www.sinergiacons.it\/wp-content\/uploads\/2021\/10\/Raggruppa-193.svg\",\"contentUrl\":\"https:\/\/www.sinergiacons.it\/wp-content\/uploads\/2021\/10\/Raggruppa-193.svg\",\"width\":197,\"height\":49,\"caption\":\"Sinergia Consulting\"},\"image\":{\"@id\":\"https:\/\/www.sinergiacons.it\/#\/schema\/logo\/image\/\"}},{\"@type\":\"Person\",\"@id\":\"https:\/\/www.sinergiacons.it\/#\/schema\/person\/86692fba1a47c4ab1ff2f40244578ce8\",\"name\":\"sinergia\",\"image\":{\"@type\":\"ImageObject\",\"inLanguage\":\"en-US\",\"@id\":\"https:\/\/www.sinergiacons.it\/#\/schema\/person\/image\/\",\"url\":\"https:\/\/secure.gravatar.com\/avatar\/65af77aaa382c220a13571be42ab45f0dacd751cf0b8dd1e99cf8d400d048a71?s=96&d=mm&r=g\",\"contentUrl\":\"https:\/\/secure.gravatar.com\/avatar\/65af77aaa382c220a13571be42ab45f0dacd751cf0b8dd1e99cf8d400d048a71?s=96&d=mm&r=g\",\"caption\":\"sinergia\"}}]}<\/script>\n<!-- \/ Yoast SEO plugin. -->","yoast_head_json":{"title":"DA GENNAIO IL PUN DI OGGI NON CI SAR\u00c0 PI\u00d9 | Sinergia","description":"A partire dal&nbsp;1\u00b0 gennaio 2025, in Italia entrer\u00e0 in vigore un'importante riforma nel mercato elettrico, che prevede il superamento","robots":{"index":"index","follow":"follow","max-snippet":"max-snippet:-1","max-image-preview":"max-image-preview:large","max-video-preview":"max-video-preview:-1"},"canonical":"https:\/\/www.sinergiacons.it\/en\/da-gennaio-il-pun-di-oggi-non-ci-sara-piu\/","og_locale":"en_US","og_type":"article","og_title":"DA GENNAIO IL PUN DI OGGI NON CI SAR\u00c0 PI\u00d9 | Sinergia","og_description":"A partire dal&nbsp;1\u00b0 gennaio 2025, in Italia entrer\u00e0 in vigore un'importante riforma nel mercato elettrico, che prevede il superamento","og_url":"https:\/\/www.sinergiacons.it\/en\/da-gennaio-il-pun-di-oggi-non-ci-sara-piu\/","og_site_name":"Sinergia","article_published_time":"2024-11-29T11:11:00+00:00","article_modified_time":"2024-12-05T10:42:05+00:00","og_image":[{"width":1170,"height":875,"url":"https:\/\/www.sinergiacons.it\/wp-content\/uploads\/2021\/10\/news-sin-evidenza-1170x875-1.jpg","type":"image\/jpeg"}],"author":"sinergia","twitter_card":"summary_large_image","twitter_misc":{"Written by":"sinergia","Est. reading time":"3 minutes"},"schema":{"@context":"https:\/\/schema.org","@graph":[{"@type":"Article","@id":"https:\/\/www.sinergiacons.it\/da-gennaio-il-pun-di-oggi-non-ci-sara-piu\/#article","isPartOf":{"@id":"https:\/\/www.sinergiacons.it\/da-gennaio-il-pun-di-oggi-non-ci-sara-piu\/"},"author":{"name":"sinergia","@id":"https:\/\/www.sinergiacons.it\/#\/schema\/person\/86692fba1a47c4ab1ff2f40244578ce8"},"headline":"DA GENNAIO IL PUN DI OGGI NON CI SAR\u00c0 PI\u00d9","datePublished":"2024-11-29T11:11:00+00:00","dateModified":"2024-12-05T10:42:05+00:00","mainEntityOfPage":{"@id":"https:\/\/www.sinergiacons.it\/da-gennaio-il-pun-di-oggi-non-ci-sara-piu\/"},"wordCount":591,"commentCount":0,"publisher":{"@id":"https:\/\/www.sinergiacons.it\/#organization"},"image":{"@id":"https:\/\/www.sinergiacons.it\/da-gennaio-il-pun-di-oggi-non-ci-sara-piu\/#primaryimage"},"thumbnailUrl":"https:\/\/www.sinergiacons.it\/wp-content\/uploads\/2021\/10\/news-sin-evidenza-1170x875-1.jpg","articleSection":["News"],"inLanguage":"en-US","potentialAction":[{"@type":"CommentAction","name":"Comment","target":["https:\/\/www.sinergiacons.it\/da-gennaio-il-pun-di-oggi-non-ci-sara-piu\/#respond"]}]},{"@type":"WebPage","@id":"https:\/\/www.sinergiacons.it\/da-gennaio-il-pun-di-oggi-non-ci-sara-piu\/","url":"https:\/\/www.sinergiacons.it\/da-gennaio-il-pun-di-oggi-non-ci-sara-piu\/","name":"DA GENNAIO IL PUN DI OGGI NON CI SAR\u00c0 PI\u00d9 | Sinergia","isPartOf":{"@id":"https:\/\/www.sinergiacons.it\/#website"},"primaryImageOfPage":{"@id":"https:\/\/www.sinergiacons.it\/da-gennaio-il-pun-di-oggi-non-ci-sara-piu\/#primaryimage"},"image":{"@id":"https:\/\/www.sinergiacons.it\/da-gennaio-il-pun-di-oggi-non-ci-sara-piu\/#primaryimage"},"thumbnailUrl":"https:\/\/www.sinergiacons.it\/wp-content\/uploads\/2021\/10\/news-sin-evidenza-1170x875-1.jpg","datePublished":"2024-11-29T11:11:00+00:00","dateModified":"2024-12-05T10:42:05+00:00","description":"A partire dal&nbsp;1\u00b0 gennaio 2025, in Italia entrer\u00e0 in vigore un'importante riforma nel mercato elettrico, che prevede il superamento","breadcrumb":{"@id":"https:\/\/www.sinergiacons.it\/da-gennaio-il-pun-di-oggi-non-ci-sara-piu\/#breadcrumb"},"inLanguage":"en-US","potentialAction":[{"@type":"ReadAction","target":["https:\/\/www.sinergiacons.it\/da-gennaio-il-pun-di-oggi-non-ci-sara-piu\/"]}]},{"@type":"ImageObject","inLanguage":"en-US","@id":"https:\/\/www.sinergiacons.it\/da-gennaio-il-pun-di-oggi-non-ci-sara-piu\/#primaryimage","url":"https:\/\/www.sinergiacons.it\/wp-content\/uploads\/2021\/10\/news-sin-evidenza-1170x875-1.jpg","contentUrl":"https:\/\/www.sinergiacons.it\/wp-content\/uploads\/2021\/10\/news-sin-evidenza-1170x875-1.jpg","width":1170,"height":875},{"@type":"BreadcrumbList","@id":"https:\/\/www.sinergiacons.it\/da-gennaio-il-pun-di-oggi-non-ci-sara-piu\/#breadcrumb","itemListElement":[{"@type":"ListItem","position":1,"name":"Home","item":"https:\/\/www.sinergiacons.it\/"},{"@type":"ListItem","position":2,"name":"DA GENNAIO IL PUN DI OGGI NON CI SAR\u00c0 PI\u00d9"}]},{"@type":"WebSite","@id":"https:\/\/www.sinergiacons.it\/#website","url":"https:\/\/www.sinergiacons.it\/","name":"Sinergia","description":"Gas &amp; Power Consulting","publisher":{"@id":"https:\/\/www.sinergiacons.it\/#organization"},"potentialAction":[{"@type":"SearchAction","target":{"@type":"EntryPoint","urlTemplate":"https:\/\/www.sinergiacons.it\/?s={search_term_string}"},"query-input":{"@type":"PropertyValueSpecification","valueRequired":true,"valueName":"search_term_string"}}],"inLanguage":"en-US"},{"@type":"Organization","@id":"https:\/\/www.sinergiacons.it\/#organization","name":"Sinergia Consulting","url":"https:\/\/www.sinergiacons.it\/","logo":{"@type":"ImageObject","inLanguage":"en-US","@id":"https:\/\/www.sinergiacons.it\/#\/schema\/logo\/image\/","url":"https:\/\/www.sinergiacons.it\/wp-content\/uploads\/2021\/10\/Raggruppa-193.svg","contentUrl":"https:\/\/www.sinergiacons.it\/wp-content\/uploads\/2021\/10\/Raggruppa-193.svg","width":197,"height":49,"caption":"Sinergia Consulting"},"image":{"@id":"https:\/\/www.sinergiacons.it\/#\/schema\/logo\/image\/"}},{"@type":"Person","@id":"https:\/\/www.sinergiacons.it\/#\/schema\/person\/86692fba1a47c4ab1ff2f40244578ce8","name":"sinergia","image":{"@type":"ImageObject","inLanguage":"en-US","@id":"https:\/\/www.sinergiacons.it\/#\/schema\/person\/image\/","url":"https:\/\/secure.gravatar.com\/avatar\/65af77aaa382c220a13571be42ab45f0dacd751cf0b8dd1e99cf8d400d048a71?s=96&d=mm&r=g","contentUrl":"https:\/\/secure.gravatar.com\/avatar\/65af77aaa382c220a13571be42ab45f0dacd751cf0b8dd1e99cf8d400d048a71?s=96&d=mm&r=g","caption":"sinergia"}}]}},"_links":{"self":[{"href":"https:\/\/www.sinergiacons.it\/en\/wp-json\/wp\/v2\/posts\/10757","targetHints":{"allow":["GET"]}}],"collection":[{"href":"https:\/\/www.sinergiacons.it\/en\/wp-json\/wp\/v2\/posts"}],"about":[{"href":"https:\/\/www.sinergiacons.it\/en\/wp-json\/wp\/v2\/types\/post"}],"author":[{"embeddable":true,"href":"https:\/\/www.sinergiacons.it\/en\/wp-json\/wp\/v2\/users\/3"}],"replies":[{"embeddable":true,"href":"https:\/\/www.sinergiacons.it\/en\/wp-json\/wp\/v2\/comments?post=10757"}],"version-history":[{"count":1,"href":"https:\/\/www.sinergiacons.it\/en\/wp-json\/wp\/v2\/posts\/10757\/revisions"}],"predecessor-version":[{"id":10758,"href":"https:\/\/www.sinergiacons.it\/en\/wp-json\/wp\/v2\/posts\/10757\/revisions\/10758"}],"wp:featuredmedia":[{"embeddable":true,"href":"https:\/\/www.sinergiacons.it\/en\/wp-json\/wp\/v2\/media\/61"}],"wp:attachment":[{"href":"https:\/\/www.sinergiacons.it\/en\/wp-json\/wp\/v2\/media?parent=10757"}],"wp:term":[{"taxonomy":"category","embeddable":true,"href":"https:\/\/www.sinergiacons.it\/en\/wp-json\/wp\/v2\/categories?post=10757"},{"taxonomy":"post_tag","embeddable":true,"href":"https:\/\/www.sinergiacons.it\/en\/wp-json\/wp\/v2\/tags?post=10757"}],"curies":[{"name":"wp","href":"https:\/\/api.w.org\/{rel}","templated":true}]}}