{"id":10609,"date":"2022-12-07T15:57:00","date_gmt":"2022-12-07T14:57:00","guid":{"rendered":"https:\/\/www.sinergiacons.it\/?p=10609"},"modified":"2023-05-11T12:08:01","modified_gmt":"2023-05-11T10:08:01","slug":"interrompibilita-gas-entro-il-13-dicembre","status":"publish","type":"post","link":"https:\/\/www.sinergiacons.it\/en\/interrompibilita-gas-entro-il-13-dicembre\/","title":{"rendered":"Interrompibilit\u00e0 gas! Entro il 13 dicembre!"},"content":{"rendered":"<p>Con il&nbsp;<strong>servizio di interrompibilit\u00e0&nbsp;<\/strong>le imprese che hanno elevati consumi di gas naturale si rendono disponibili ad interrompere i propri carichi in caso di emergenza nazionale, per assicurare la continuit\u00e0 del servizio di fornitura al resto del Paese.<br>Per partecipare \u00e8 necessario: essere un cliente finale industriale; essere connesso alla rete di trasporto o alle reti di distribuzione; essere dotato di adeguati strumenti di rilevazione dei consumi gas; poter mettere a disposizione, come carico interrompibile, almeno 5.000 smc\/giorno (per arrivare complessivamente al consumo di gas interrompibile richiesto pari a 50.000 smc\/giorno). La&nbsp;remunerazione viene offerta in cambio della disponibilit\u00e0 per il<strong>&nbsp;periodo 19 dicembre \u2013 31 marzo<\/strong>&nbsp;di un soggetto partecipante a ridurre il proprio consumo di gas, con un preavviso di 24 ore.<\/p>\n\n\n\n<p>Contrariamente alle aspettative, vista la tipologia di servizio, ci si aspettavano tempi pi\u00f9 lunghi per permettere alle aziende di decidere sulla partecipazione.&nbsp;Purtroppo,<strong>&nbsp;per partecipare si&nbsp;ha tempo fino alle ore 17 di marted\u00ec 13 dicembre!<\/strong><\/p>\n\n\n\n<p>Oltre al servizio di interrompibilit\u00e0 gi\u00e0 attivo negli anni scorsi \u00e8 stato introdotto, anche&nbsp;a seguito delle decisioni a livello europeo in merito alla riduzione del consumo di gas dei singoli stati, il servizio mensile di riduzione dei consumi.&nbsp;<\/p>\n\n\n\n<figure class=\"wp-block-image\"><img decoding=\"async\" src=\"https:\/\/sinfo.sinergiacons.it\/lib\/responsivefilemanager\/source\/interro.jpg\" alt=\"\"\/><\/figure>\n\n\n\n<p>Qualora foste interessati ad usufruire di questo servizio vi chiediamo di contattare il vostro area manager. Sinergia sta studiando i meccanismi e i dettagli per la partecipazione.<\/p>","protected":false},"excerpt":{"rendered":"<p>Con il&nbsp;servizio di interrompibilit\u00e0&nbsp;le imprese che hanno elevati consumi [&hellip;]<\/p>","protected":false},"author":3,"featured_media":61,"comment_status":"closed","ping_status":"open","sticky":false,"template":"","format":"standard","meta":{"footnotes":""},"categories":[1],"tags":[],"class_list":["post-10609","post","type-post","status-publish","format-standard","has-post-thumbnail","hentry","category-news"],"yoast_head":"<!-- This site is optimized with the Yoast SEO plugin v26.1.1 - https:\/\/yoast.com\/wordpress\/plugins\/seo\/ -->\n<title>Interrompibilit\u00e0 gas! Entro il 13 dicembre! | Sinergia<\/title>\n<meta name=\"description\" content=\"Con il&nbsp;servizio di interrompibilit\u00e0&nbsp;le imprese che hanno elevati consumi di gas naturale si rendono disponibili ad interrompere i propri carichi\" \/>\n<meta name=\"robots\" content=\"index, follow, max-snippet:-1, max-image-preview:large, max-video-preview:-1\" \/>\n<link rel=\"canonical\" href=\"https:\/\/www.sinergiacons.it\/en\/interrompibilita-gas-entro-il-13-dicembre\/\" \/>\n<meta property=\"og:locale\" content=\"en_US\" \/>\n<meta property=\"og:type\" content=\"article\" \/>\n<meta property=\"og:title\" content=\"Interrompibilit\u00e0 gas! Entro il 13 dicembre! | Sinergia\" \/>\n<meta property=\"og:description\" content=\"Con il&nbsp;servizio di interrompibilit\u00e0&nbsp;le imprese che hanno elevati consumi di gas naturale si rendono disponibili ad interrompere i propri carichi\" \/>\n<meta property=\"og:url\" content=\"https:\/\/www.sinergiacons.it\/en\/interrompibilita-gas-entro-il-13-dicembre\/\" \/>\n<meta property=\"og:site_name\" content=\"Sinergia\" \/>\n<meta property=\"article:published_time\" content=\"2022-12-07T14:57:00+00:00\" \/>\n<meta property=\"article:modified_time\" content=\"2023-05-11T10:08:01+00:00\" \/>\n<meta property=\"og:image\" content=\"https:\/\/www.sinergiacons.it\/wp-content\/uploads\/2021\/10\/news-sin-evidenza-1170x875-1.jpg\" \/>\n\t<meta property=\"og:image:width\" content=\"1170\" \/>\n\t<meta property=\"og:image:height\" content=\"875\" \/>\n\t<meta property=\"og:image:type\" content=\"image\/jpeg\" \/>\n<meta name=\"author\" content=\"sinergia\" \/>\n<meta name=\"twitter:card\" content=\"summary_large_image\" \/>\n<meta name=\"twitter:label1\" content=\"Written by\" \/>\n\t<meta name=\"twitter:data1\" content=\"sinergia\" \/>\n\t<meta name=\"twitter:label2\" content=\"Est. reading time\" \/>\n\t<meta name=\"twitter:data2\" content=\"1 minute\" \/>\n<script type=\"application\/ld+json\" class=\"yoast-schema-graph\">{\"@context\":\"https:\/\/schema.org\",\"@graph\":[{\"@type\":\"Article\",\"@id\":\"https:\/\/www.sinergiacons.it\/interrompibilita-gas-entro-il-13-dicembre\/#article\",\"isPartOf\":{\"@id\":\"https:\/\/www.sinergiacons.it\/interrompibilita-gas-entro-il-13-dicembre\/\"},\"author\":{\"name\":\"sinergia\",\"@id\":\"https:\/\/www.sinergiacons.it\/#\/schema\/person\/86692fba1a47c4ab1ff2f40244578ce8\"},\"headline\":\"Interrompibilit\u00e0 gas! Entro il 13 dicembre!\",\"datePublished\":\"2022-12-07T14:57:00+00:00\",\"dateModified\":\"2023-05-11T10:08:01+00:00\",\"mainEntityOfPage\":{\"@id\":\"https:\/\/www.sinergiacons.it\/interrompibilita-gas-entro-il-13-dicembre\/\"},\"wordCount\":234,\"publisher\":{\"@id\":\"https:\/\/www.sinergiacons.it\/#organization\"},\"image\":{\"@id\":\"https:\/\/www.sinergiacons.it\/interrompibilita-gas-entro-il-13-dicembre\/#primaryimage\"},\"thumbnailUrl\":\"https:\/\/www.sinergiacons.it\/wp-content\/uploads\/2021\/10\/news-sin-evidenza-1170x875-1.jpg\",\"articleSection\":[\"News\"],\"inLanguage\":\"en-US\"},{\"@type\":\"WebPage\",\"@id\":\"https:\/\/www.sinergiacons.it\/interrompibilita-gas-entro-il-13-dicembre\/\",\"url\":\"https:\/\/www.sinergiacons.it\/interrompibilita-gas-entro-il-13-dicembre\/\",\"name\":\"Interrompibilit\u00e0 gas! Entro il 13 dicembre! | Sinergia\",\"isPartOf\":{\"@id\":\"https:\/\/www.sinergiacons.it\/#website\"},\"primaryImageOfPage\":{\"@id\":\"https:\/\/www.sinergiacons.it\/interrompibilita-gas-entro-il-13-dicembre\/#primaryimage\"},\"image\":{\"@id\":\"https:\/\/www.sinergiacons.it\/interrompibilita-gas-entro-il-13-dicembre\/#primaryimage\"},\"thumbnailUrl\":\"https:\/\/www.sinergiacons.it\/wp-content\/uploads\/2021\/10\/news-sin-evidenza-1170x875-1.jpg\",\"datePublished\":\"2022-12-07T14:57:00+00:00\",\"dateModified\":\"2023-05-11T10:08:01+00:00\",\"description\":\"Con il&nbsp;servizio di interrompibilit\u00e0&nbsp;le imprese che hanno elevati consumi di gas naturale si rendono disponibili ad interrompere i propri carichi\",\"breadcrumb\":{\"@id\":\"https:\/\/www.sinergiacons.it\/interrompibilita-gas-entro-il-13-dicembre\/#breadcrumb\"},\"inLanguage\":\"en-US\",\"potentialAction\":[{\"@type\":\"ReadAction\",\"target\":[\"https:\/\/www.sinergiacons.it\/interrompibilita-gas-entro-il-13-dicembre\/\"]}]},{\"@type\":\"ImageObject\",\"inLanguage\":\"en-US\",\"@id\":\"https:\/\/www.sinergiacons.it\/interrompibilita-gas-entro-il-13-dicembre\/#primaryimage\",\"url\":\"https:\/\/www.sinergiacons.it\/wp-content\/uploads\/2021\/10\/news-sin-evidenza-1170x875-1.jpg\",\"contentUrl\":\"https:\/\/www.sinergiacons.it\/wp-content\/uploads\/2021\/10\/news-sin-evidenza-1170x875-1.jpg\",\"width\":1170,\"height\":875},{\"@type\":\"BreadcrumbList\",\"@id\":\"https:\/\/www.sinergiacons.it\/interrompibilita-gas-entro-il-13-dicembre\/#breadcrumb\",\"itemListElement\":[{\"@type\":\"ListItem\",\"position\":1,\"name\":\"Home\",\"item\":\"https:\/\/www.sinergiacons.it\/\"},{\"@type\":\"ListItem\",\"position\":2,\"name\":\"Interrompibilit\u00e0 gas! Entro il 13 dicembre!\"}]},{\"@type\":\"WebSite\",\"@id\":\"https:\/\/www.sinergiacons.it\/#website\",\"url\":\"https:\/\/www.sinergiacons.it\/\",\"name\":\"Sinergia\",\"description\":\"Gas &amp; Power Consulting\",\"publisher\":{\"@id\":\"https:\/\/www.sinergiacons.it\/#organization\"},\"potentialAction\":[{\"@type\":\"SearchAction\",\"target\":{\"@type\":\"EntryPoint\",\"urlTemplate\":\"https:\/\/www.sinergiacons.it\/?s={search_term_string}\"},\"query-input\":{\"@type\":\"PropertyValueSpecification\",\"valueRequired\":true,\"valueName\":\"search_term_string\"}}],\"inLanguage\":\"en-US\"},{\"@type\":\"Organization\",\"@id\":\"https:\/\/www.sinergiacons.it\/#organization\",\"name\":\"Sinergia Consulting\",\"url\":\"https:\/\/www.sinergiacons.it\/\",\"logo\":{\"@type\":\"ImageObject\",\"inLanguage\":\"en-US\",\"@id\":\"https:\/\/www.sinergiacons.it\/#\/schema\/logo\/image\/\",\"url\":\"https:\/\/www.sinergiacons.it\/wp-content\/uploads\/2021\/10\/Raggruppa-193.svg\",\"contentUrl\":\"https:\/\/www.sinergiacons.it\/wp-content\/uploads\/2021\/10\/Raggruppa-193.svg\",\"width\":197,\"height\":49,\"caption\":\"Sinergia Consulting\"},\"image\":{\"@id\":\"https:\/\/www.sinergiacons.it\/#\/schema\/logo\/image\/\"}},{\"@type\":\"Person\",\"@id\":\"https:\/\/www.sinergiacons.it\/#\/schema\/person\/86692fba1a47c4ab1ff2f40244578ce8\",\"name\":\"sinergia\",\"image\":{\"@type\":\"ImageObject\",\"inLanguage\":\"en-US\",\"@id\":\"https:\/\/www.sinergiacons.it\/#\/schema\/person\/image\/\",\"url\":\"https:\/\/secure.gravatar.com\/avatar\/65af77aaa382c220a13571be42ab45f0dacd751cf0b8dd1e99cf8d400d048a71?s=96&d=mm&r=g\",\"contentUrl\":\"https:\/\/secure.gravatar.com\/avatar\/65af77aaa382c220a13571be42ab45f0dacd751cf0b8dd1e99cf8d400d048a71?s=96&d=mm&r=g\",\"caption\":\"sinergia\"}}]}<\/script>\n<!-- \/ Yoast SEO plugin. -->","yoast_head_json":{"title":"Interrompibilit\u00e0 gas! Entro il 13 dicembre! | Sinergia","description":"Con il&nbsp;servizio di interrompibilit\u00e0&nbsp;le imprese che hanno elevati consumi di gas naturale si rendono disponibili ad interrompere i propri carichi","robots":{"index":"index","follow":"follow","max-snippet":"max-snippet:-1","max-image-preview":"max-image-preview:large","max-video-preview":"max-video-preview:-1"},"canonical":"https:\/\/www.sinergiacons.it\/en\/interrompibilita-gas-entro-il-13-dicembre\/","og_locale":"en_US","og_type":"article","og_title":"Interrompibilit\u00e0 gas! Entro il 13 dicembre! | Sinergia","og_description":"Con il&nbsp;servizio di interrompibilit\u00e0&nbsp;le imprese che hanno elevati consumi di gas naturale si rendono disponibili ad interrompere i propri carichi","og_url":"https:\/\/www.sinergiacons.it\/en\/interrompibilita-gas-entro-il-13-dicembre\/","og_site_name":"Sinergia","article_published_time":"2022-12-07T14:57:00+00:00","article_modified_time":"2023-05-11T10:08:01+00:00","og_image":[{"width":1170,"height":875,"url":"https:\/\/www.sinergiacons.it\/wp-content\/uploads\/2021\/10\/news-sin-evidenza-1170x875-1.jpg","type":"image\/jpeg"}],"author":"sinergia","twitter_card":"summary_large_image","twitter_misc":{"Written by":"sinergia","Est. reading time":"1 minute"},"schema":{"@context":"https:\/\/schema.org","@graph":[{"@type":"Article","@id":"https:\/\/www.sinergiacons.it\/interrompibilita-gas-entro-il-13-dicembre\/#article","isPartOf":{"@id":"https:\/\/www.sinergiacons.it\/interrompibilita-gas-entro-il-13-dicembre\/"},"author":{"name":"sinergia","@id":"https:\/\/www.sinergiacons.it\/#\/schema\/person\/86692fba1a47c4ab1ff2f40244578ce8"},"headline":"Interrompibilit\u00e0 gas! Entro il 13 dicembre!","datePublished":"2022-12-07T14:57:00+00:00","dateModified":"2023-05-11T10:08:01+00:00","mainEntityOfPage":{"@id":"https:\/\/www.sinergiacons.it\/interrompibilita-gas-entro-il-13-dicembre\/"},"wordCount":234,"publisher":{"@id":"https:\/\/www.sinergiacons.it\/#organization"},"image":{"@id":"https:\/\/www.sinergiacons.it\/interrompibilita-gas-entro-il-13-dicembre\/#primaryimage"},"thumbnailUrl":"https:\/\/www.sinergiacons.it\/wp-content\/uploads\/2021\/10\/news-sin-evidenza-1170x875-1.jpg","articleSection":["News"],"inLanguage":"en-US"},{"@type":"WebPage","@id":"https:\/\/www.sinergiacons.it\/interrompibilita-gas-entro-il-13-dicembre\/","url":"https:\/\/www.sinergiacons.it\/interrompibilita-gas-entro-il-13-dicembre\/","name":"Interrompibilit\u00e0 gas! Entro il 13 dicembre! | Sinergia","isPartOf":{"@id":"https:\/\/www.sinergiacons.it\/#website"},"primaryImageOfPage":{"@id":"https:\/\/www.sinergiacons.it\/interrompibilita-gas-entro-il-13-dicembre\/#primaryimage"},"image":{"@id":"https:\/\/www.sinergiacons.it\/interrompibilita-gas-entro-il-13-dicembre\/#primaryimage"},"thumbnailUrl":"https:\/\/www.sinergiacons.it\/wp-content\/uploads\/2021\/10\/news-sin-evidenza-1170x875-1.jpg","datePublished":"2022-12-07T14:57:00+00:00","dateModified":"2023-05-11T10:08:01+00:00","description":"Con il&nbsp;servizio di interrompibilit\u00e0&nbsp;le imprese che hanno elevati consumi di gas naturale si rendono disponibili ad interrompere i propri carichi","breadcrumb":{"@id":"https:\/\/www.sinergiacons.it\/interrompibilita-gas-entro-il-13-dicembre\/#breadcrumb"},"inLanguage":"en-US","potentialAction":[{"@type":"ReadAction","target":["https:\/\/www.sinergiacons.it\/interrompibilita-gas-entro-il-13-dicembre\/"]}]},{"@type":"ImageObject","inLanguage":"en-US","@id":"https:\/\/www.sinergiacons.it\/interrompibilita-gas-entro-il-13-dicembre\/#primaryimage","url":"https:\/\/www.sinergiacons.it\/wp-content\/uploads\/2021\/10\/news-sin-evidenza-1170x875-1.jpg","contentUrl":"https:\/\/www.sinergiacons.it\/wp-content\/uploads\/2021\/10\/news-sin-evidenza-1170x875-1.jpg","width":1170,"height":875},{"@type":"BreadcrumbList","@id":"https:\/\/www.sinergiacons.it\/interrompibilita-gas-entro-il-13-dicembre\/#breadcrumb","itemListElement":[{"@type":"ListItem","position":1,"name":"Home","item":"https:\/\/www.sinergiacons.it\/"},{"@type":"ListItem","position":2,"name":"Interrompibilit\u00e0 gas! Entro il 13 dicembre!"}]},{"@type":"WebSite","@id":"https:\/\/www.sinergiacons.it\/#website","url":"https:\/\/www.sinergiacons.it\/","name":"Sinergia","description":"Gas &amp; Power Consulting","publisher":{"@id":"https:\/\/www.sinergiacons.it\/#organization"},"potentialAction":[{"@type":"SearchAction","target":{"@type":"EntryPoint","urlTemplate":"https:\/\/www.sinergiacons.it\/?s={search_term_string}"},"query-input":{"@type":"PropertyValueSpecification","valueRequired":true,"valueName":"search_term_string"}}],"inLanguage":"en-US"},{"@type":"Organization","@id":"https:\/\/www.sinergiacons.it\/#organization","name":"Sinergia Consulting","url":"https:\/\/www.sinergiacons.it\/","logo":{"@type":"ImageObject","inLanguage":"en-US","@id":"https:\/\/www.sinergiacons.it\/#\/schema\/logo\/image\/","url":"https:\/\/www.sinergiacons.it\/wp-content\/uploads\/2021\/10\/Raggruppa-193.svg","contentUrl":"https:\/\/www.sinergiacons.it\/wp-content\/uploads\/2021\/10\/Raggruppa-193.svg","width":197,"height":49,"caption":"Sinergia Consulting"},"image":{"@id":"https:\/\/www.sinergiacons.it\/#\/schema\/logo\/image\/"}},{"@type":"Person","@id":"https:\/\/www.sinergiacons.it\/#\/schema\/person\/86692fba1a47c4ab1ff2f40244578ce8","name":"sinergia","image":{"@type":"ImageObject","inLanguage":"en-US","@id":"https:\/\/www.sinergiacons.it\/#\/schema\/person\/image\/","url":"https:\/\/secure.gravatar.com\/avatar\/65af77aaa382c220a13571be42ab45f0dacd751cf0b8dd1e99cf8d400d048a71?s=96&d=mm&r=g","contentUrl":"https:\/\/secure.gravatar.com\/avatar\/65af77aaa382c220a13571be42ab45f0dacd751cf0b8dd1e99cf8d400d048a71?s=96&d=mm&r=g","caption":"sinergia"}}]}},"_links":{"self":[{"href":"https:\/\/www.sinergiacons.it\/en\/wp-json\/wp\/v2\/posts\/10609","targetHints":{"allow":["GET"]}}],"collection":[{"href":"https:\/\/www.sinergiacons.it\/en\/wp-json\/wp\/v2\/posts"}],"about":[{"href":"https:\/\/www.sinergiacons.it\/en\/wp-json\/wp\/v2\/types\/post"}],"author":[{"embeddable":true,"href":"https:\/\/www.sinergiacons.it\/en\/wp-json\/wp\/v2\/users\/3"}],"replies":[{"embeddable":true,"href":"https:\/\/www.sinergiacons.it\/en\/wp-json\/wp\/v2\/comments?post=10609"}],"version-history":[{"count":1,"href":"https:\/\/www.sinergiacons.it\/en\/wp-json\/wp\/v2\/posts\/10609\/revisions"}],"predecessor-version":[{"id":10610,"href":"https:\/\/www.sinergiacons.it\/en\/wp-json\/wp\/v2\/posts\/10609\/revisions\/10610"}],"wp:featuredmedia":[{"embeddable":true,"href":"https:\/\/www.sinergiacons.it\/en\/wp-json\/wp\/v2\/media\/61"}],"wp:attachment":[{"href":"https:\/\/www.sinergiacons.it\/en\/wp-json\/wp\/v2\/media?parent=10609"}],"wp:term":[{"taxonomy":"category","embeddable":true,"href":"https:\/\/www.sinergiacons.it\/en\/wp-json\/wp\/v2\/categories?post=10609"},{"taxonomy":"post_tag","embeddable":true,"href":"https:\/\/www.sinergiacons.it\/en\/wp-json\/wp\/v2\/tags?post=10609"}],"curies":[{"name":"wp","href":"https:\/\/api.w.org\/{rel}","templated":true}]}}