{"id":10345,"date":"2022-02-17T10:30:08","date_gmt":"2022-02-17T09:30:08","guid":{"rendered":"https:\/\/www.sinergiacons.it\/?p=10345"},"modified":"2022-02-23T21:41:45","modified_gmt":"2022-02-23T20:41:45","slug":"e-consigliato-comunicare-le-variazioni-di-consumo","status":"publish","type":"post","link":"https:\/\/www.sinergiacons.it\/en\/e-consigliato-comunicare-le-variazioni-di-consumo\/","title":{"rendered":"\u00c8 CONSIGLIATO COMUNICARE LE VARIAZIONI DI CONSUMO"},"content":{"rendered":"<p>Quello che stiamo vivendo \u00e8 sicuramente un periodo difficile per chi si deve approvvigionare di energia elettrica e gas, ma lo \u00e8 anche per i fornitori energetici: con i mercati a questi livelli, infatti, devono conoscere quanto prima eventuali variazioni dei consumi dei loro clienti in modo da calibrare gli approvvigionamenti ed evitare il pi\u00f9 possibile gli sbilanciamenti che oggi hanno costi record.<\/p>\n<p>Lo spirito collaborativo che contraddistingue Sinergia Consulting ci porta quindi a chiedere a tutti i nostri clienti di segnalarci eventuali modifiche sui volumi.<\/p>\n<p>\u00c8 quindi importante che venga segnalato al proprio Area Manager ogni variazione (sia positiva sia negativa) sui consumi previsionali comunicati in fase di gara, se superiore al 10% sull'intervallo mensile.<\/p>\n<p>Relativamente ai soli contratti di energia elettrica \u00e8 utile anche informarci di eventuali cambi di routine: inserimento di un nuovo turno di lavoro (o rimozione) oppure il cambio di alcune fasce orarie di lavoro che prima erano abituali.<\/p>\n<p>Nel caso di eventuali difficolt\u00e0 per il saldo delle fatture energetiche nelle tempistiche richieste, chiediamo di informare i fornitori (anche attraverso il nostro tramite) con il maggior anticipo possibile: i fornitori hanno necessit\u00e0 di esserne messi a conoscenza della problematica prima della scadenza della fattura per eventualmente poterla gestire internamente.<\/p>\n<p>\"Sinergia\" significa cooperazione per il conseguimento di uno stesso obiettivo, la collaborazione \u00e8 uno degli strumenti che possiamo usare per superare questo momento cos\u00ec complesso!<\/p>","protected":false},"excerpt":{"rendered":"<p>Quello che stiamo vivendo \u00e8 sicuramente un periodo difficile [&hellip;]<\/p>","protected":false},"author":2,"featured_media":61,"comment_status":"closed","ping_status":"closed","sticky":false,"template":"","format":"standard","meta":{"footnotes":""},"categories":[1],"tags":[],"class_list":["post-10345","post","type-post","status-publish","format-standard","has-post-thumbnail","hentry","category-news"],"yoast_head":"<!-- This site is optimized with the Yoast SEO plugin v26.1.1 - https:\/\/yoast.com\/wordpress\/plugins\/seo\/ -->\n<title>\u00c8 CONSIGLIATO COMUNICARE LE VARIAZIONI DI CONSUMO | Sinergia<\/title>\n<meta name=\"description\" content=\"Quello che stiamo vivendo \u00e8 sicuramente un periodo difficile per chi si deve approvvigionare di energia elettrica e gas, ma lo \u00e8 anche per i fornitori\" \/>\n<meta name=\"robots\" content=\"index, follow, max-snippet:-1, max-image-preview:large, max-video-preview:-1\" \/>\n<link rel=\"canonical\" href=\"https:\/\/www.sinergiacons.it\/en\/e-consigliato-comunicare-le-variazioni-di-consumo\/\" \/>\n<meta property=\"og:locale\" content=\"en_US\" \/>\n<meta property=\"og:type\" content=\"article\" \/>\n<meta property=\"og:title\" content=\"\u00c8 CONSIGLIATO COMUNICARE LE VARIAZIONI DI CONSUMO | Sinergia\" \/>\n<meta property=\"og:description\" content=\"Quello che stiamo vivendo \u00e8 sicuramente un periodo difficile per chi si deve approvvigionare di energia elettrica e gas, ma lo \u00e8 anche per i fornitori\" \/>\n<meta property=\"og:url\" content=\"https:\/\/www.sinergiacons.it\/en\/e-consigliato-comunicare-le-variazioni-di-consumo\/\" \/>\n<meta property=\"og:site_name\" content=\"Sinergia\" \/>\n<meta property=\"article:published_time\" content=\"2022-02-17T09:30:08+00:00\" \/>\n<meta property=\"article:modified_time\" content=\"2022-02-23T20:41:45+00:00\" \/>\n<meta property=\"og:image\" content=\"https:\/\/www.sinergiacons.it\/wp-content\/uploads\/2021\/10\/news-sin-evidenza-1170x875-1.jpg\" \/>\n\t<meta property=\"og:image:width\" content=\"1170\" \/>\n\t<meta property=\"og:image:height\" content=\"875\" \/>\n\t<meta property=\"og:image:type\" content=\"image\/jpeg\" \/>\n<meta name=\"author\" content=\"yvan\" \/>\n<meta name=\"twitter:card\" content=\"summary_large_image\" \/>\n<meta name=\"twitter:label1\" content=\"Written by\" \/>\n\t<meta name=\"twitter:data1\" content=\"yvan\" \/>\n\t<meta name=\"twitter:label2\" content=\"Est. reading time\" \/>\n\t<meta name=\"twitter:data2\" content=\"2 minutes\" \/>\n<script type=\"application\/ld+json\" class=\"yoast-schema-graph\">{\"@context\":\"https:\/\/schema.org\",\"@graph\":[{\"@type\":\"Article\",\"@id\":\"https:\/\/www.sinergiacons.it\/e-consigliato-comunicare-le-variazioni-di-consumo\/#article\",\"isPartOf\":{\"@id\":\"https:\/\/www.sinergiacons.it\/e-consigliato-comunicare-le-variazioni-di-consumo\/\"},\"author\":{\"name\":\"yvan\",\"@id\":\"https:\/\/www.sinergiacons.it\/#\/schema\/person\/fcf226d40e9d37ccf3e693ccfce5b044\"},\"headline\":\"\u00c8 CONSIGLIATO COMUNICARE LE VARIAZIONI DI CONSUMO\",\"datePublished\":\"2022-02-17T09:30:08+00:00\",\"dateModified\":\"2022-02-23T20:41:45+00:00\",\"mainEntityOfPage\":{\"@id\":\"https:\/\/www.sinergiacons.it\/e-consigliato-comunicare-le-variazioni-di-consumo\/\"},\"wordCount\":230,\"publisher\":{\"@id\":\"https:\/\/www.sinergiacons.it\/#organization\"},\"image\":{\"@id\":\"https:\/\/www.sinergiacons.it\/e-consigliato-comunicare-le-variazioni-di-consumo\/#primaryimage\"},\"thumbnailUrl\":\"https:\/\/www.sinergiacons.it\/wp-content\/uploads\/2021\/10\/news-sin-evidenza-1170x875-1.jpg\",\"articleSection\":[\"News\"],\"inLanguage\":\"en-US\"},{\"@type\":\"WebPage\",\"@id\":\"https:\/\/www.sinergiacons.it\/e-consigliato-comunicare-le-variazioni-di-consumo\/\",\"url\":\"https:\/\/www.sinergiacons.it\/e-consigliato-comunicare-le-variazioni-di-consumo\/\",\"name\":\"\u00c8 CONSIGLIATO COMUNICARE LE VARIAZIONI DI CONSUMO | Sinergia\",\"isPartOf\":{\"@id\":\"https:\/\/www.sinergiacons.it\/#website\"},\"primaryImageOfPage\":{\"@id\":\"https:\/\/www.sinergiacons.it\/e-consigliato-comunicare-le-variazioni-di-consumo\/#primaryimage\"},\"image\":{\"@id\":\"https:\/\/www.sinergiacons.it\/e-consigliato-comunicare-le-variazioni-di-consumo\/#primaryimage\"},\"thumbnailUrl\":\"https:\/\/www.sinergiacons.it\/wp-content\/uploads\/2021\/10\/news-sin-evidenza-1170x875-1.jpg\",\"datePublished\":\"2022-02-17T09:30:08+00:00\",\"dateModified\":\"2022-02-23T20:41:45+00:00\",\"description\":\"Quello che stiamo vivendo \u00e8 sicuramente un periodo difficile per chi si deve approvvigionare di energia elettrica e gas, ma lo \u00e8 anche per i fornitori\",\"breadcrumb\":{\"@id\":\"https:\/\/www.sinergiacons.it\/e-consigliato-comunicare-le-variazioni-di-consumo\/#breadcrumb\"},\"inLanguage\":\"en-US\",\"potentialAction\":[{\"@type\":\"ReadAction\",\"target\":[\"https:\/\/www.sinergiacons.it\/e-consigliato-comunicare-le-variazioni-di-consumo\/\"]}]},{\"@type\":\"ImageObject\",\"inLanguage\":\"en-US\",\"@id\":\"https:\/\/www.sinergiacons.it\/e-consigliato-comunicare-le-variazioni-di-consumo\/#primaryimage\",\"url\":\"https:\/\/www.sinergiacons.it\/wp-content\/uploads\/2021\/10\/news-sin-evidenza-1170x875-1.jpg\",\"contentUrl\":\"https:\/\/www.sinergiacons.it\/wp-content\/uploads\/2021\/10\/news-sin-evidenza-1170x875-1.jpg\",\"width\":1170,\"height\":875},{\"@type\":\"BreadcrumbList\",\"@id\":\"https:\/\/www.sinergiacons.it\/e-consigliato-comunicare-le-variazioni-di-consumo\/#breadcrumb\",\"itemListElement\":[{\"@type\":\"ListItem\",\"position\":1,\"name\":\"Home\",\"item\":\"https:\/\/www.sinergiacons.it\/\"},{\"@type\":\"ListItem\",\"position\":2,\"name\":\"\u00c8 CONSIGLIATO COMUNICARE LE VARIAZIONI DI CONSUMO\"}]},{\"@type\":\"WebSite\",\"@id\":\"https:\/\/www.sinergiacons.it\/#website\",\"url\":\"https:\/\/www.sinergiacons.it\/\",\"name\":\"Sinergia\",\"description\":\"Gas &amp; Power Consulting\",\"publisher\":{\"@id\":\"https:\/\/www.sinergiacons.it\/#organization\"},\"potentialAction\":[{\"@type\":\"SearchAction\",\"target\":{\"@type\":\"EntryPoint\",\"urlTemplate\":\"https:\/\/www.sinergiacons.it\/?s={search_term_string}\"},\"query-input\":{\"@type\":\"PropertyValueSpecification\",\"valueRequired\":true,\"valueName\":\"search_term_string\"}}],\"inLanguage\":\"en-US\"},{\"@type\":\"Organization\",\"@id\":\"https:\/\/www.sinergiacons.it\/#organization\",\"name\":\"Sinergia Consulting\",\"url\":\"https:\/\/www.sinergiacons.it\/\",\"logo\":{\"@type\":\"ImageObject\",\"inLanguage\":\"en-US\",\"@id\":\"https:\/\/www.sinergiacons.it\/#\/schema\/logo\/image\/\",\"url\":\"https:\/\/www.sinergiacons.it\/wp-content\/uploads\/2021\/10\/Raggruppa-193.svg\",\"contentUrl\":\"https:\/\/www.sinergiacons.it\/wp-content\/uploads\/2021\/10\/Raggruppa-193.svg\",\"width\":197,\"height\":49,\"caption\":\"Sinergia Consulting\"},\"image\":{\"@id\":\"https:\/\/www.sinergiacons.it\/#\/schema\/logo\/image\/\"}},{\"@type\":\"Person\",\"@id\":\"https:\/\/www.sinergiacons.it\/#\/schema\/person\/fcf226d40e9d37ccf3e693ccfce5b044\",\"name\":\"yvan\",\"image\":{\"@type\":\"ImageObject\",\"inLanguage\":\"en-US\",\"@id\":\"https:\/\/www.sinergiacons.it\/#\/schema\/person\/image\/\",\"url\":\"https:\/\/secure.gravatar.com\/avatar\/f7af1c4ae7311238ccee3db0e46c9fa42393c774a2e65988954020e3e16b8f88?s=96&d=mm&r=g\",\"contentUrl\":\"https:\/\/secure.gravatar.com\/avatar\/f7af1c4ae7311238ccee3db0e46c9fa42393c774a2e65988954020e3e16b8f88?s=96&d=mm&r=g\",\"caption\":\"yvan\"}}]}<\/script>\n<!-- \/ Yoast SEO plugin. -->","yoast_head_json":{"title":"\u00c8 CONSIGLIATO COMUNICARE LE VARIAZIONI DI CONSUMO | Sinergia","description":"Quello che stiamo vivendo \u00e8 sicuramente un periodo difficile per chi si deve approvvigionare di energia elettrica e gas, ma lo \u00e8 anche per i fornitori","robots":{"index":"index","follow":"follow","max-snippet":"max-snippet:-1","max-image-preview":"max-image-preview:large","max-video-preview":"max-video-preview:-1"},"canonical":"https:\/\/www.sinergiacons.it\/en\/e-consigliato-comunicare-le-variazioni-di-consumo\/","og_locale":"en_US","og_type":"article","og_title":"\u00c8 CONSIGLIATO COMUNICARE LE VARIAZIONI DI CONSUMO | Sinergia","og_description":"Quello che stiamo vivendo \u00e8 sicuramente un periodo difficile per chi si deve approvvigionare di energia elettrica e gas, ma lo \u00e8 anche per i fornitori","og_url":"https:\/\/www.sinergiacons.it\/en\/e-consigliato-comunicare-le-variazioni-di-consumo\/","og_site_name":"Sinergia","article_published_time":"2022-02-17T09:30:08+00:00","article_modified_time":"2022-02-23T20:41:45+00:00","og_image":[{"width":1170,"height":875,"url":"https:\/\/www.sinergiacons.it\/wp-content\/uploads\/2021\/10\/news-sin-evidenza-1170x875-1.jpg","type":"image\/jpeg"}],"author":"yvan","twitter_card":"summary_large_image","twitter_misc":{"Written by":"yvan","Est. reading time":"2 minutes"},"schema":{"@context":"https:\/\/schema.org","@graph":[{"@type":"Article","@id":"https:\/\/www.sinergiacons.it\/e-consigliato-comunicare-le-variazioni-di-consumo\/#article","isPartOf":{"@id":"https:\/\/www.sinergiacons.it\/e-consigliato-comunicare-le-variazioni-di-consumo\/"},"author":{"name":"yvan","@id":"https:\/\/www.sinergiacons.it\/#\/schema\/person\/fcf226d40e9d37ccf3e693ccfce5b044"},"headline":"\u00c8 CONSIGLIATO COMUNICARE LE VARIAZIONI DI CONSUMO","datePublished":"2022-02-17T09:30:08+00:00","dateModified":"2022-02-23T20:41:45+00:00","mainEntityOfPage":{"@id":"https:\/\/www.sinergiacons.it\/e-consigliato-comunicare-le-variazioni-di-consumo\/"},"wordCount":230,"publisher":{"@id":"https:\/\/www.sinergiacons.it\/#organization"},"image":{"@id":"https:\/\/www.sinergiacons.it\/e-consigliato-comunicare-le-variazioni-di-consumo\/#primaryimage"},"thumbnailUrl":"https:\/\/www.sinergiacons.it\/wp-content\/uploads\/2021\/10\/news-sin-evidenza-1170x875-1.jpg","articleSection":["News"],"inLanguage":"en-US"},{"@type":"WebPage","@id":"https:\/\/www.sinergiacons.it\/e-consigliato-comunicare-le-variazioni-di-consumo\/","url":"https:\/\/www.sinergiacons.it\/e-consigliato-comunicare-le-variazioni-di-consumo\/","name":"\u00c8 CONSIGLIATO COMUNICARE LE VARIAZIONI DI CONSUMO | Sinergia","isPartOf":{"@id":"https:\/\/www.sinergiacons.it\/#website"},"primaryImageOfPage":{"@id":"https:\/\/www.sinergiacons.it\/e-consigliato-comunicare-le-variazioni-di-consumo\/#primaryimage"},"image":{"@id":"https:\/\/www.sinergiacons.it\/e-consigliato-comunicare-le-variazioni-di-consumo\/#primaryimage"},"thumbnailUrl":"https:\/\/www.sinergiacons.it\/wp-content\/uploads\/2021\/10\/news-sin-evidenza-1170x875-1.jpg","datePublished":"2022-02-17T09:30:08+00:00","dateModified":"2022-02-23T20:41:45+00:00","description":"Quello che stiamo vivendo \u00e8 sicuramente un periodo difficile per chi si deve approvvigionare di energia elettrica e gas, ma lo \u00e8 anche per i fornitori","breadcrumb":{"@id":"https:\/\/www.sinergiacons.it\/e-consigliato-comunicare-le-variazioni-di-consumo\/#breadcrumb"},"inLanguage":"en-US","potentialAction":[{"@type":"ReadAction","target":["https:\/\/www.sinergiacons.it\/e-consigliato-comunicare-le-variazioni-di-consumo\/"]}]},{"@type":"ImageObject","inLanguage":"en-US","@id":"https:\/\/www.sinergiacons.it\/e-consigliato-comunicare-le-variazioni-di-consumo\/#primaryimage","url":"https:\/\/www.sinergiacons.it\/wp-content\/uploads\/2021\/10\/news-sin-evidenza-1170x875-1.jpg","contentUrl":"https:\/\/www.sinergiacons.it\/wp-content\/uploads\/2021\/10\/news-sin-evidenza-1170x875-1.jpg","width":1170,"height":875},{"@type":"BreadcrumbList","@id":"https:\/\/www.sinergiacons.it\/e-consigliato-comunicare-le-variazioni-di-consumo\/#breadcrumb","itemListElement":[{"@type":"ListItem","position":1,"name":"Home","item":"https:\/\/www.sinergiacons.it\/"},{"@type":"ListItem","position":2,"name":"\u00c8 CONSIGLIATO COMUNICARE LE VARIAZIONI DI CONSUMO"}]},{"@type":"WebSite","@id":"https:\/\/www.sinergiacons.it\/#website","url":"https:\/\/www.sinergiacons.it\/","name":"Sinergia","description":"Gas &amp; Power Consulting","publisher":{"@id":"https:\/\/www.sinergiacons.it\/#organization"},"potentialAction":[{"@type":"SearchAction","target":{"@type":"EntryPoint","urlTemplate":"https:\/\/www.sinergiacons.it\/?s={search_term_string}"},"query-input":{"@type":"PropertyValueSpecification","valueRequired":true,"valueName":"search_term_string"}}],"inLanguage":"en-US"},{"@type":"Organization","@id":"https:\/\/www.sinergiacons.it\/#organization","name":"Sinergia Consulting","url":"https:\/\/www.sinergiacons.it\/","logo":{"@type":"ImageObject","inLanguage":"en-US","@id":"https:\/\/www.sinergiacons.it\/#\/schema\/logo\/image\/","url":"https:\/\/www.sinergiacons.it\/wp-content\/uploads\/2021\/10\/Raggruppa-193.svg","contentUrl":"https:\/\/www.sinergiacons.it\/wp-content\/uploads\/2021\/10\/Raggruppa-193.svg","width":197,"height":49,"caption":"Sinergia Consulting"},"image":{"@id":"https:\/\/www.sinergiacons.it\/#\/schema\/logo\/image\/"}},{"@type":"Person","@id":"https:\/\/www.sinergiacons.it\/#\/schema\/person\/fcf226d40e9d37ccf3e693ccfce5b044","name":"yvan","image":{"@type":"ImageObject","inLanguage":"en-US","@id":"https:\/\/www.sinergiacons.it\/#\/schema\/person\/image\/","url":"https:\/\/secure.gravatar.com\/avatar\/f7af1c4ae7311238ccee3db0e46c9fa42393c774a2e65988954020e3e16b8f88?s=96&d=mm&r=g","contentUrl":"https:\/\/secure.gravatar.com\/avatar\/f7af1c4ae7311238ccee3db0e46c9fa42393c774a2e65988954020e3e16b8f88?s=96&d=mm&r=g","caption":"yvan"}}]}},"_links":{"self":[{"href":"https:\/\/www.sinergiacons.it\/en\/wp-json\/wp\/v2\/posts\/10345","targetHints":{"allow":["GET"]}}],"collection":[{"href":"https:\/\/www.sinergiacons.it\/en\/wp-json\/wp\/v2\/posts"}],"about":[{"href":"https:\/\/www.sinergiacons.it\/en\/wp-json\/wp\/v2\/types\/post"}],"author":[{"embeddable":true,"href":"https:\/\/www.sinergiacons.it\/en\/wp-json\/wp\/v2\/users\/2"}],"replies":[{"embeddable":true,"href":"https:\/\/www.sinergiacons.it\/en\/wp-json\/wp\/v2\/comments?post=10345"}],"version-history":[{"count":1,"href":"https:\/\/www.sinergiacons.it\/en\/wp-json\/wp\/v2\/posts\/10345\/revisions"}],"predecessor-version":[{"id":10474,"href":"https:\/\/www.sinergiacons.it\/en\/wp-json\/wp\/v2\/posts\/10345\/revisions\/10474"}],"wp:featuredmedia":[{"embeddable":true,"href":"https:\/\/www.sinergiacons.it\/en\/wp-json\/wp\/v2\/media\/61"}],"wp:attachment":[{"href":"https:\/\/www.sinergiacons.it\/en\/wp-json\/wp\/v2\/media?parent=10345"}],"wp:term":[{"taxonomy":"category","embeddable":true,"href":"https:\/\/www.sinergiacons.it\/en\/wp-json\/wp\/v2\/categories?post=10345"},{"taxonomy":"post_tag","embeddable":true,"href":"https:\/\/www.sinergiacons.it\/en\/wp-json\/wp\/v2\/tags?post=10345"}],"curies":[{"name":"wp","href":"https:\/\/api.w.org\/{rel}","templated":true}]}}