{"id":10240,"date":"2020-10-30T15:07:27","date_gmt":"2020-10-30T14:07:27","guid":{"rendered":"https:\/\/www.sinergiacons.it\/?p=10240"},"modified":"2020-10-30T15:07:27","modified_gmt":"2020-10-30T14:07:27","slug":"energia-elettrica-domanda-e-offerta-di-ottobre","status":"publish","type":"post","link":"https:\/\/www.sinergiacons.it\/en\/energia-elettrica-domanda-e-offerta-di-ottobre\/","title":{"rendered":"ENERGIA ELETTRICA: DOMANDA E OFFERTA DI OTTOBRE"},"content":{"rendered":"<p>I volumi<br \/>\nPer il mese di ottobre la domanda italiana di energia elettrica, rettificata dall\u2019impatto climatico, continua ad oscillare su livelli prossimi a quelli rilevati nel 2019, nonostante il Governo abbia prorogato lo stato di emergenza fino al 31 gennaio 2021 ed abbia sempre pi\u00f9 inasprito le restrizioni al fine di contenere la diffusione del Covid-19. Da segnalare che non \u00e8 stata imposta alcuna restrizione alle attivit\u00e0 industriali. <\/p>\n<p>La produzione nazionale<br \/>\nLa produzione idroelettrica vincolata ha registrato ad inizio mese un vistoso rialzo a seguito delle piogge torrenziali abbattutesi sull\u2019Italia settentrionale, raggiungendo quasi quota 5 GW per poi scendere verso i normali valori stagionali.<br \/>\nL'andamento della produzione idroelettrica ha poi seguito un percorso parabolico discendente a causa di precipitazioni sempre meno consistenti fino agli ultimi dieci giorni del mese in cui si \u00e8 registrato un consistente rialzo, per poi stabilizzarsi ad un livello superiore di 1,3 GW rispetto alla media stagionale. <\/p>\n<p>Le centrali nucleari francesi<br \/>\nLa produzione nucleare francese ad inizio ottobre si \u00e8 attestata su un valore inferiore di 5,6 GW rispetto all\u2019anno scorso anche se il rialzo delle produzioni eolica e idroelettrica ha limitato la riduzione delle esportazioni nette a 3,2 GW. L\u2019EdF ha previsto una produzione media per il residuo dell\u2019anno compresa tra i 39 e i 44 GW rispetto ai 41,4 GW rilevati nel medesimo periodo del 2019. La produzione nucleare ha evidenziato un incremento di 2,6 GW raggiungendo una punta massima degli ultimi sei mesi ammontante a 39,3 GW (inferiore di solo un gigawatt rispetto al 2019), mentre il rialzo delle produzioni termoelettrica e da fonti rinnovabili ha limitato la riduzione delle esportazioni nette a 4,2 GW. Da met\u00e0 mese la produzione delle centrali nucleari francesi ha raggiunto quota 40 GW per la prima volta da aprile. La presenza di temperature pi\u00f9 basse ha fatto s\u00ec che la domanda media di energia elettrica francese evidenziasse un incremento pari a 6,0 GW, anche se il rialzo delle produzioni nette da fonti rinnovabili e termoelettrica ha limitato la riduzione delle esportazioni nette a 3,7 GW.<\/p>","protected":false},"excerpt":{"rendered":"<p>I volumi Per il mese di ottobre la domanda [&hellip;]<\/p>","protected":false},"author":1,"featured_media":61,"comment_status":"closed","ping_status":"closed","sticky":false,"template":"","format":"standard","meta":{"footnotes":""},"categories":[1],"tags":[],"class_list":["post-10240","post","type-post","status-publish","format-standard","has-post-thumbnail","hentry","category-news"],"yoast_head":"<!-- This site is optimized with the Yoast SEO plugin v26.1.1 - https:\/\/yoast.com\/wordpress\/plugins\/seo\/ -->\n<title>ENERGIA ELETTRICA: DOMANDA E OFFERTA DI OTTOBRE | Sinergia<\/title>\n<meta name=\"description\" content=\"I volumi Per il mese di ottobre la domanda italiana di energia elettrica, rettificata dall\u2019impatto climatico, continua ad oscillare su livelli prossimi a\" \/>\n<meta name=\"robots\" content=\"index, follow, max-snippet:-1, max-image-preview:large, max-video-preview:-1\" \/>\n<link rel=\"canonical\" href=\"https:\/\/www.sinergiacons.it\/en\/energia-elettrica-domanda-e-offerta-di-ottobre\/\" \/>\n<meta property=\"og:locale\" content=\"en_US\" \/>\n<meta property=\"og:type\" content=\"article\" \/>\n<meta property=\"og:title\" content=\"ENERGIA ELETTRICA: DOMANDA E OFFERTA DI OTTOBRE | Sinergia\" \/>\n<meta property=\"og:description\" content=\"I volumi Per il mese di ottobre la domanda italiana di energia elettrica, rettificata dall\u2019impatto climatico, continua ad oscillare su livelli prossimi a\" \/>\n<meta property=\"og:url\" content=\"https:\/\/www.sinergiacons.it\/en\/energia-elettrica-domanda-e-offerta-di-ottobre\/\" \/>\n<meta property=\"og:site_name\" content=\"Sinergia\" \/>\n<meta property=\"article:published_time\" content=\"2020-10-30T14:07:27+00:00\" \/>\n<meta property=\"og:image\" content=\"https:\/\/www.sinergiacons.it\/wp-content\/uploads\/2021\/10\/news-sin-evidenza-1170x875-1.jpg\" \/>\n\t<meta property=\"og:image:width\" content=\"1170\" \/>\n\t<meta property=\"og:image:height\" content=\"875\" \/>\n\t<meta property=\"og:image:type\" content=\"image\/jpeg\" \/>\n<meta name=\"author\" content=\"nicolo\" \/>\n<meta name=\"twitter:card\" content=\"summary_large_image\" \/>\n<meta name=\"twitter:label1\" content=\"Written by\" \/>\n\t<meta name=\"twitter:data1\" content=\"nicolo\" \/>\n\t<meta name=\"twitter:label2\" content=\"Est. reading time\" \/>\n\t<meta name=\"twitter:data2\" content=\"2 minutes\" \/>\n<script type=\"application\/ld+json\" class=\"yoast-schema-graph\">{\"@context\":\"https:\/\/schema.org\",\"@graph\":[{\"@type\":\"Article\",\"@id\":\"https:\/\/www.sinergiacons.it\/energia-elettrica-domanda-e-offerta-di-ottobre\/#article\",\"isPartOf\":{\"@id\":\"https:\/\/www.sinergiacons.it\/energia-elettrica-domanda-e-offerta-di-ottobre\/\"},\"author\":{\"name\":\"nicolo\",\"@id\":\"https:\/\/www.sinergiacons.it\/#\/schema\/person\/fa43fae663a71d3a89c15bee4cc020f0\"},\"headline\":\"ENERGIA ELETTRICA: DOMANDA E OFFERTA DI OTTOBRE\",\"datePublished\":\"2020-10-30T14:07:27+00:00\",\"mainEntityOfPage\":{\"@id\":\"https:\/\/www.sinergiacons.it\/energia-elettrica-domanda-e-offerta-di-ottobre\/\"},\"wordCount\":330,\"publisher\":{\"@id\":\"https:\/\/www.sinergiacons.it\/#organization\"},\"image\":{\"@id\":\"https:\/\/www.sinergiacons.it\/energia-elettrica-domanda-e-offerta-di-ottobre\/#primaryimage\"},\"thumbnailUrl\":\"https:\/\/www.sinergiacons.it\/wp-content\/uploads\/2021\/10\/news-sin-evidenza-1170x875-1.jpg\",\"articleSection\":[\"News\"],\"inLanguage\":\"en-US\"},{\"@type\":\"WebPage\",\"@id\":\"https:\/\/www.sinergiacons.it\/energia-elettrica-domanda-e-offerta-di-ottobre\/\",\"url\":\"https:\/\/www.sinergiacons.it\/energia-elettrica-domanda-e-offerta-di-ottobre\/\",\"name\":\"ENERGIA ELETTRICA: DOMANDA E OFFERTA DI OTTOBRE | Sinergia\",\"isPartOf\":{\"@id\":\"https:\/\/www.sinergiacons.it\/#website\"},\"primaryImageOfPage\":{\"@id\":\"https:\/\/www.sinergiacons.it\/energia-elettrica-domanda-e-offerta-di-ottobre\/#primaryimage\"},\"image\":{\"@id\":\"https:\/\/www.sinergiacons.it\/energia-elettrica-domanda-e-offerta-di-ottobre\/#primaryimage\"},\"thumbnailUrl\":\"https:\/\/www.sinergiacons.it\/wp-content\/uploads\/2021\/10\/news-sin-evidenza-1170x875-1.jpg\",\"datePublished\":\"2020-10-30T14:07:27+00:00\",\"description\":\"I volumi Per il mese di ottobre la domanda italiana di energia elettrica, rettificata dall\u2019impatto climatico, continua ad oscillare su livelli prossimi a\",\"breadcrumb\":{\"@id\":\"https:\/\/www.sinergiacons.it\/energia-elettrica-domanda-e-offerta-di-ottobre\/#breadcrumb\"},\"inLanguage\":\"en-US\",\"potentialAction\":[{\"@type\":\"ReadAction\",\"target\":[\"https:\/\/www.sinergiacons.it\/energia-elettrica-domanda-e-offerta-di-ottobre\/\"]}]},{\"@type\":\"ImageObject\",\"inLanguage\":\"en-US\",\"@id\":\"https:\/\/www.sinergiacons.it\/energia-elettrica-domanda-e-offerta-di-ottobre\/#primaryimage\",\"url\":\"https:\/\/www.sinergiacons.it\/wp-content\/uploads\/2021\/10\/news-sin-evidenza-1170x875-1.jpg\",\"contentUrl\":\"https:\/\/www.sinergiacons.it\/wp-content\/uploads\/2021\/10\/news-sin-evidenza-1170x875-1.jpg\",\"width\":1170,\"height\":875},{\"@type\":\"BreadcrumbList\",\"@id\":\"https:\/\/www.sinergiacons.it\/energia-elettrica-domanda-e-offerta-di-ottobre\/#breadcrumb\",\"itemListElement\":[{\"@type\":\"ListItem\",\"position\":1,\"name\":\"Home\",\"item\":\"https:\/\/www.sinergiacons.it\/\"},{\"@type\":\"ListItem\",\"position\":2,\"name\":\"ENERGIA ELETTRICA: DOMANDA E OFFERTA DI OTTOBRE\"}]},{\"@type\":\"WebSite\",\"@id\":\"https:\/\/www.sinergiacons.it\/#website\",\"url\":\"https:\/\/www.sinergiacons.it\/\",\"name\":\"Sinergia\",\"description\":\"Gas &amp; Power Consulting\",\"publisher\":{\"@id\":\"https:\/\/www.sinergiacons.it\/#organization\"},\"potentialAction\":[{\"@type\":\"SearchAction\",\"target\":{\"@type\":\"EntryPoint\",\"urlTemplate\":\"https:\/\/www.sinergiacons.it\/?s={search_term_string}\"},\"query-input\":{\"@type\":\"PropertyValueSpecification\",\"valueRequired\":true,\"valueName\":\"search_term_string\"}}],\"inLanguage\":\"en-US\"},{\"@type\":\"Organization\",\"@id\":\"https:\/\/www.sinergiacons.it\/#organization\",\"name\":\"Sinergia Consulting\",\"url\":\"https:\/\/www.sinergiacons.it\/\",\"logo\":{\"@type\":\"ImageObject\",\"inLanguage\":\"en-US\",\"@id\":\"https:\/\/www.sinergiacons.it\/#\/schema\/logo\/image\/\",\"url\":\"https:\/\/www.sinergiacons.it\/wp-content\/uploads\/2021\/10\/Raggruppa-193.svg\",\"contentUrl\":\"https:\/\/www.sinergiacons.it\/wp-content\/uploads\/2021\/10\/Raggruppa-193.svg\",\"width\":197,\"height\":49,\"caption\":\"Sinergia Consulting\"},\"image\":{\"@id\":\"https:\/\/www.sinergiacons.it\/#\/schema\/logo\/image\/\"}},{\"@type\":\"Person\",\"@id\":\"https:\/\/www.sinergiacons.it\/#\/schema\/person\/fa43fae663a71d3a89c15bee4cc020f0\",\"name\":\"nicolo\",\"image\":{\"@type\":\"ImageObject\",\"inLanguage\":\"en-US\",\"@id\":\"https:\/\/www.sinergiacons.it\/#\/schema\/person\/image\/\",\"url\":\"https:\/\/secure.gravatar.com\/avatar\/ae9fe22fe9f9dcdc71b8e44c4c25415d5a3a4163521bca8a46a0bc3b5f7464f9?s=96&d=mm&r=g\",\"contentUrl\":\"https:\/\/secure.gravatar.com\/avatar\/ae9fe22fe9f9dcdc71b8e44c4c25415d5a3a4163521bca8a46a0bc3b5f7464f9?s=96&d=mm&r=g\",\"caption\":\"nicolo\"},\"sameAs\":[\"https:\/\/www.sinergiacons.it\"]}]}<\/script>\n<!-- \/ Yoast SEO plugin. -->","yoast_head_json":{"title":"ENERGIA ELETTRICA: DOMANDA E OFFERTA DI OTTOBRE | Sinergia","description":"I volumi Per il mese di ottobre la domanda italiana di energia elettrica, rettificata dall\u2019impatto climatico, continua ad oscillare su livelli prossimi a","robots":{"index":"index","follow":"follow","max-snippet":"max-snippet:-1","max-image-preview":"max-image-preview:large","max-video-preview":"max-video-preview:-1"},"canonical":"https:\/\/www.sinergiacons.it\/en\/energia-elettrica-domanda-e-offerta-di-ottobre\/","og_locale":"en_US","og_type":"article","og_title":"ENERGIA ELETTRICA: DOMANDA E OFFERTA DI OTTOBRE | Sinergia","og_description":"I volumi Per il mese di ottobre la domanda italiana di energia elettrica, rettificata dall\u2019impatto climatico, continua ad oscillare su livelli prossimi a","og_url":"https:\/\/www.sinergiacons.it\/en\/energia-elettrica-domanda-e-offerta-di-ottobre\/","og_site_name":"Sinergia","article_published_time":"2020-10-30T14:07:27+00:00","og_image":[{"width":1170,"height":875,"url":"https:\/\/www.sinergiacons.it\/wp-content\/uploads\/2021\/10\/news-sin-evidenza-1170x875-1.jpg","type":"image\/jpeg"}],"author":"nicolo","twitter_card":"summary_large_image","twitter_misc":{"Written by":"nicolo","Est. reading time":"2 minutes"},"schema":{"@context":"https:\/\/schema.org","@graph":[{"@type":"Article","@id":"https:\/\/www.sinergiacons.it\/energia-elettrica-domanda-e-offerta-di-ottobre\/#article","isPartOf":{"@id":"https:\/\/www.sinergiacons.it\/energia-elettrica-domanda-e-offerta-di-ottobre\/"},"author":{"name":"nicolo","@id":"https:\/\/www.sinergiacons.it\/#\/schema\/person\/fa43fae663a71d3a89c15bee4cc020f0"},"headline":"ENERGIA ELETTRICA: DOMANDA E OFFERTA DI OTTOBRE","datePublished":"2020-10-30T14:07:27+00:00","mainEntityOfPage":{"@id":"https:\/\/www.sinergiacons.it\/energia-elettrica-domanda-e-offerta-di-ottobre\/"},"wordCount":330,"publisher":{"@id":"https:\/\/www.sinergiacons.it\/#organization"},"image":{"@id":"https:\/\/www.sinergiacons.it\/energia-elettrica-domanda-e-offerta-di-ottobre\/#primaryimage"},"thumbnailUrl":"https:\/\/www.sinergiacons.it\/wp-content\/uploads\/2021\/10\/news-sin-evidenza-1170x875-1.jpg","articleSection":["News"],"inLanguage":"en-US"},{"@type":"WebPage","@id":"https:\/\/www.sinergiacons.it\/energia-elettrica-domanda-e-offerta-di-ottobre\/","url":"https:\/\/www.sinergiacons.it\/energia-elettrica-domanda-e-offerta-di-ottobre\/","name":"ENERGIA ELETTRICA: DOMANDA E OFFERTA DI OTTOBRE | Sinergia","isPartOf":{"@id":"https:\/\/www.sinergiacons.it\/#website"},"primaryImageOfPage":{"@id":"https:\/\/www.sinergiacons.it\/energia-elettrica-domanda-e-offerta-di-ottobre\/#primaryimage"},"image":{"@id":"https:\/\/www.sinergiacons.it\/energia-elettrica-domanda-e-offerta-di-ottobre\/#primaryimage"},"thumbnailUrl":"https:\/\/www.sinergiacons.it\/wp-content\/uploads\/2021\/10\/news-sin-evidenza-1170x875-1.jpg","datePublished":"2020-10-30T14:07:27+00:00","description":"I volumi Per il mese di ottobre la domanda italiana di energia elettrica, rettificata dall\u2019impatto climatico, continua ad oscillare su livelli prossimi a","breadcrumb":{"@id":"https:\/\/www.sinergiacons.it\/energia-elettrica-domanda-e-offerta-di-ottobre\/#breadcrumb"},"inLanguage":"en-US","potentialAction":[{"@type":"ReadAction","target":["https:\/\/www.sinergiacons.it\/energia-elettrica-domanda-e-offerta-di-ottobre\/"]}]},{"@type":"ImageObject","inLanguage":"en-US","@id":"https:\/\/www.sinergiacons.it\/energia-elettrica-domanda-e-offerta-di-ottobre\/#primaryimage","url":"https:\/\/www.sinergiacons.it\/wp-content\/uploads\/2021\/10\/news-sin-evidenza-1170x875-1.jpg","contentUrl":"https:\/\/www.sinergiacons.it\/wp-content\/uploads\/2021\/10\/news-sin-evidenza-1170x875-1.jpg","width":1170,"height":875},{"@type":"BreadcrumbList","@id":"https:\/\/www.sinergiacons.it\/energia-elettrica-domanda-e-offerta-di-ottobre\/#breadcrumb","itemListElement":[{"@type":"ListItem","position":1,"name":"Home","item":"https:\/\/www.sinergiacons.it\/"},{"@type":"ListItem","position":2,"name":"ENERGIA ELETTRICA: DOMANDA E OFFERTA DI OTTOBRE"}]},{"@type":"WebSite","@id":"https:\/\/www.sinergiacons.it\/#website","url":"https:\/\/www.sinergiacons.it\/","name":"Sinergia","description":"Gas &amp; Power Consulting","publisher":{"@id":"https:\/\/www.sinergiacons.it\/#organization"},"potentialAction":[{"@type":"SearchAction","target":{"@type":"EntryPoint","urlTemplate":"https:\/\/www.sinergiacons.it\/?s={search_term_string}"},"query-input":{"@type":"PropertyValueSpecification","valueRequired":true,"valueName":"search_term_string"}}],"inLanguage":"en-US"},{"@type":"Organization","@id":"https:\/\/www.sinergiacons.it\/#organization","name":"Sinergia Consulting","url":"https:\/\/www.sinergiacons.it\/","logo":{"@type":"ImageObject","inLanguage":"en-US","@id":"https:\/\/www.sinergiacons.it\/#\/schema\/logo\/image\/","url":"https:\/\/www.sinergiacons.it\/wp-content\/uploads\/2021\/10\/Raggruppa-193.svg","contentUrl":"https:\/\/www.sinergiacons.it\/wp-content\/uploads\/2021\/10\/Raggruppa-193.svg","width":197,"height":49,"caption":"Sinergia Consulting"},"image":{"@id":"https:\/\/www.sinergiacons.it\/#\/schema\/logo\/image\/"}},{"@type":"Person","@id":"https:\/\/www.sinergiacons.it\/#\/schema\/person\/fa43fae663a71d3a89c15bee4cc020f0","name":"nicolo","image":{"@type":"ImageObject","inLanguage":"en-US","@id":"https:\/\/www.sinergiacons.it\/#\/schema\/person\/image\/","url":"https:\/\/secure.gravatar.com\/avatar\/ae9fe22fe9f9dcdc71b8e44c4c25415d5a3a4163521bca8a46a0bc3b5f7464f9?s=96&d=mm&r=g","contentUrl":"https:\/\/secure.gravatar.com\/avatar\/ae9fe22fe9f9dcdc71b8e44c4c25415d5a3a4163521bca8a46a0bc3b5f7464f9?s=96&d=mm&r=g","caption":"nicolo"},"sameAs":["https:\/\/www.sinergiacons.it"]}]}},"_links":{"self":[{"href":"https:\/\/www.sinergiacons.it\/en\/wp-json\/wp\/v2\/posts\/10240","targetHints":{"allow":["GET"]}}],"collection":[{"href":"https:\/\/www.sinergiacons.it\/en\/wp-json\/wp\/v2\/posts"}],"about":[{"href":"https:\/\/www.sinergiacons.it\/en\/wp-json\/wp\/v2\/types\/post"}],"author":[{"embeddable":true,"href":"https:\/\/www.sinergiacons.it\/en\/wp-json\/wp\/v2\/users\/1"}],"replies":[{"embeddable":true,"href":"https:\/\/www.sinergiacons.it\/en\/wp-json\/wp\/v2\/comments?post=10240"}],"version-history":[{"count":0,"href":"https:\/\/www.sinergiacons.it\/en\/wp-json\/wp\/v2\/posts\/10240\/revisions"}],"wp:featuredmedia":[{"embeddable":true,"href":"https:\/\/www.sinergiacons.it\/en\/wp-json\/wp\/v2\/media\/61"}],"wp:attachment":[{"href":"https:\/\/www.sinergiacons.it\/en\/wp-json\/wp\/v2\/media?parent=10240"}],"wp:term":[{"taxonomy":"category","embeddable":true,"href":"https:\/\/www.sinergiacons.it\/en\/wp-json\/wp\/v2\/categories?post=10240"},{"taxonomy":"post_tag","embeddable":true,"href":"https:\/\/www.sinergiacons.it\/en\/wp-json\/wp\/v2\/tags?post=10240"}],"curies":[{"name":"wp","href":"https:\/\/api.w.org\/{rel}","templated":true}]}}