{"id":10055,"date":"2018-11-08T15:47:48","date_gmt":"2018-11-08T14:47:48","guid":{"rendered":"http:\/\/www.sinergiacons.it\/?p=10055"},"modified":"2018-11-08T15:47:48","modified_gmt":"2018-11-08T14:47:48","slug":"ottobre-il-giano-bifronte-dei-mercati","status":"publish","type":"post","link":"https:\/\/www.sinergiacons.it\/en\/ottobre-il-giano-bifronte-dei-mercati\/","title":{"rendered":"Ottobre: il Giano bifronte dei mercati?"},"content":{"rendered":"<p>Ad ottobre sembra esserci stata una svolta sui prezzi delle commodities energetiche: seppur stia iniziando l\u2019inverno, i prezzi di energia e gas in tutta Europa Italia compresa sono crollati scendendo di circa un terzo quello dell\u2019energia e diminuendo di oltre il 20% quello del gas, per poi ritracciare in questi ultimi giorni. Cosa sta succedendo?<\/p>\n<p>I fatti principali sono questi:<\/p>\n<ul>\n<li>Fino a settembre si temeva che la tendenza pi\u00f9 veritiera fosse quella di raggiungere i 100 dollari al barile ma poi il petrolio ha iniziato una parabola discendente (con qualche rimbalzo) che ha portato il Brent a scendere a 71,69 $ e il Wti a 61,71 $ (il minimo da marzo). Su base mensile sia il WTI che il Brent hanno registrato il maggior calo percentuale in quasi due anni, con il primo che nel mese di ottobre lascia sul parterre quasi l\u201911% e con il secondo che registra un calo dell\u20198,8%. Sicuramente la crescita delle scorte negli USA ha aiutato a calmierare il prezzo ma di certo non bisogna nemmeno dimenticare l\u2019incremento della produzione di oltre 1 milione di barili al giorno da parte principalmente di Arabia e Russia per sopperire al calo dell\u2019export iraniano (che poi non \u00e8 stato cos\u00ec accentuato come si temeva) a causa delle sanzioni statunitensi. Sanzioni che potrebbero non limitarsi all\u2019Iran: ieri \u00e8 infatti scaduto il conto alla rovescia per ottenere da Mosca la rinuncia all\u2019uso di armi chimiche e la disponibilit\u00e0 a controlli da parte di ispettori internazionali pena l\u2019introduzione di nuove sanzioni americane mirate ai settori della finanza e dell\u2019energia e, sembra, non direttamente all\u2019export di petrolio e di gas.<\/li>\n<li>I valori della CO2 hanno iniziato una discesa a picco arrivando fino a valere poco pi\u00f9 di 15 \u20ac\/t (valore minimo dopo 4 mesi di crescendo ma comunque doppio rispetto allo stesso periodo 2017) per poi tornare a quota 19 in questi giorni. Il problema principale \u00e8 che da gennaio entrer\u00e0 in vigore la riforma europea del sistema Eu-Ets, con il nuovo meccanismo che ritirer\u00e0 gradualmente dal mercato il surplus di permessi rendendo il mercato quindi pi\u00f9 instabile. Altro aspetto che alimenta tale discontinuit\u00e0 sono i piani post Brexit: il Governo britannico sembrerebbe voler conservare un prezzo relativamente elevato per la CO2 con anche la possibile imposizione di una ulteriore carbon tax. Ma il tutto \u00e8 ancora da definire.<\/li>\n<li>Le quotazioni del gas e dell\u2019energia elettrica registrano una tendenza al ribasso. Nei mesi estivi appena trascorsi, infatti, il gas era arrivato a superare 32 \u20ac, mentre il Pun correva oltre 90 \u20ac, prezzi impensabili. Il 31 ottobre, invece, il gas all\u2019hub italiano valeva 24,20 euro per Megawattora (day ahead) e il Pun ha ripiegato verso 60 \u20ac\/MWh. Meglio ma non benissimo considerando che il freddo inverno arriver\u00e0 e, seppur diminuiti, i prezzi di gas ed energia oggi non si possono di certo definire bassi.<\/li>\n<\/ul>","protected":false},"excerpt":{"rendered":"<p>Ad ottobre sembra esserci stata una svolta sui prezzi [&hellip;]<\/p>","protected":false},"author":1,"featured_media":61,"comment_status":"closed","ping_status":"closed","sticky":false,"template":"","format":"standard","meta":{"footnotes":""},"categories":[1],"tags":[],"class_list":["post-10055","post","type-post","status-publish","format-standard","has-post-thumbnail","hentry","category-news"],"yoast_head":"<!-- This site is optimized with the Yoast SEO plugin v26.1.1 - https:\/\/yoast.com\/wordpress\/plugins\/seo\/ -->\n<title>Ottobre: il Giano bifronte dei mercati? | Sinergia<\/title>\n<meta name=\"description\" content=\"Ad ottobre sembra esserci stata una svolta sui prezzi delle commodities energetiche: seppur stia iniziando l\u2019inverno, i prezzi di energia e gas in tutta\" \/>\n<meta name=\"robots\" content=\"index, follow, max-snippet:-1, max-image-preview:large, max-video-preview:-1\" \/>\n<link rel=\"canonical\" href=\"https:\/\/www.sinergiacons.it\/en\/ottobre-il-giano-bifronte-dei-mercati\/\" \/>\n<meta property=\"og:locale\" content=\"en_US\" \/>\n<meta property=\"og:type\" content=\"article\" \/>\n<meta property=\"og:title\" content=\"Ottobre: il Giano bifronte dei mercati? | Sinergia\" \/>\n<meta property=\"og:description\" content=\"Ad ottobre sembra esserci stata una svolta sui prezzi delle commodities energetiche: seppur stia iniziando l\u2019inverno, i prezzi di energia e gas in tutta\" \/>\n<meta property=\"og:url\" content=\"https:\/\/www.sinergiacons.it\/en\/ottobre-il-giano-bifronte-dei-mercati\/\" \/>\n<meta property=\"og:site_name\" content=\"Sinergia\" \/>\n<meta property=\"article:published_time\" content=\"2018-11-08T14:47:48+00:00\" \/>\n<meta property=\"og:image\" content=\"https:\/\/www.sinergiacons.it\/wp-content\/uploads\/2021\/10\/news-sin-evidenza-1170x875-1.jpg\" \/>\n\t<meta property=\"og:image:width\" content=\"1170\" \/>\n\t<meta property=\"og:image:height\" content=\"875\" \/>\n\t<meta property=\"og:image:type\" content=\"image\/jpeg\" \/>\n<meta name=\"author\" content=\"nicolo\" \/>\n<meta name=\"twitter:card\" content=\"summary_large_image\" \/>\n<meta name=\"twitter:label1\" content=\"Written by\" \/>\n\t<meta name=\"twitter:data1\" content=\"nicolo\" \/>\n\t<meta name=\"twitter:label2\" content=\"Est. reading time\" \/>\n\t<meta name=\"twitter:data2\" content=\"2 minutes\" \/>\n<script type=\"application\/ld+json\" class=\"yoast-schema-graph\">{\"@context\":\"https:\/\/schema.org\",\"@graph\":[{\"@type\":\"Article\",\"@id\":\"https:\/\/www.sinergiacons.it\/ottobre-il-giano-bifronte-dei-mercati\/#article\",\"isPartOf\":{\"@id\":\"https:\/\/www.sinergiacons.it\/ottobre-il-giano-bifronte-dei-mercati\/\"},\"author\":{\"name\":\"nicolo\",\"@id\":\"https:\/\/www.sinergiacons.it\/#\/schema\/person\/fa43fae663a71d3a89c15bee4cc020f0\"},\"headline\":\"Ottobre: il Giano bifronte dei mercati?\",\"datePublished\":\"2018-11-08T14:47:48+00:00\",\"mainEntityOfPage\":{\"@id\":\"https:\/\/www.sinergiacons.it\/ottobre-il-giano-bifronte-dei-mercati\/\"},\"wordCount\":467,\"publisher\":{\"@id\":\"https:\/\/www.sinergiacons.it\/#organization\"},\"image\":{\"@id\":\"https:\/\/www.sinergiacons.it\/ottobre-il-giano-bifronte-dei-mercati\/#primaryimage\"},\"thumbnailUrl\":\"https:\/\/www.sinergiacons.it\/wp-content\/uploads\/2021\/10\/news-sin-evidenza-1170x875-1.jpg\",\"articleSection\":[\"News\"],\"inLanguage\":\"en-US\"},{\"@type\":\"WebPage\",\"@id\":\"https:\/\/www.sinergiacons.it\/ottobre-il-giano-bifronte-dei-mercati\/\",\"url\":\"https:\/\/www.sinergiacons.it\/ottobre-il-giano-bifronte-dei-mercati\/\",\"name\":\"Ottobre: il Giano bifronte dei mercati? | Sinergia\",\"isPartOf\":{\"@id\":\"https:\/\/www.sinergiacons.it\/#website\"},\"primaryImageOfPage\":{\"@id\":\"https:\/\/www.sinergiacons.it\/ottobre-il-giano-bifronte-dei-mercati\/#primaryimage\"},\"image\":{\"@id\":\"https:\/\/www.sinergiacons.it\/ottobre-il-giano-bifronte-dei-mercati\/#primaryimage\"},\"thumbnailUrl\":\"https:\/\/www.sinergiacons.it\/wp-content\/uploads\/2021\/10\/news-sin-evidenza-1170x875-1.jpg\",\"datePublished\":\"2018-11-08T14:47:48+00:00\",\"description\":\"Ad ottobre sembra esserci stata una svolta sui prezzi delle commodities energetiche: seppur stia iniziando l\u2019inverno, i prezzi di energia e gas in tutta\",\"breadcrumb\":{\"@id\":\"https:\/\/www.sinergiacons.it\/ottobre-il-giano-bifronte-dei-mercati\/#breadcrumb\"},\"inLanguage\":\"en-US\",\"potentialAction\":[{\"@type\":\"ReadAction\",\"target\":[\"https:\/\/www.sinergiacons.it\/ottobre-il-giano-bifronte-dei-mercati\/\"]}]},{\"@type\":\"ImageObject\",\"inLanguage\":\"en-US\",\"@id\":\"https:\/\/www.sinergiacons.it\/ottobre-il-giano-bifronte-dei-mercati\/#primaryimage\",\"url\":\"https:\/\/www.sinergiacons.it\/wp-content\/uploads\/2021\/10\/news-sin-evidenza-1170x875-1.jpg\",\"contentUrl\":\"https:\/\/www.sinergiacons.it\/wp-content\/uploads\/2021\/10\/news-sin-evidenza-1170x875-1.jpg\",\"width\":1170,\"height\":875},{\"@type\":\"BreadcrumbList\",\"@id\":\"https:\/\/www.sinergiacons.it\/ottobre-il-giano-bifronte-dei-mercati\/#breadcrumb\",\"itemListElement\":[{\"@type\":\"ListItem\",\"position\":1,\"name\":\"Home\",\"item\":\"https:\/\/www.sinergiacons.it\/\"},{\"@type\":\"ListItem\",\"position\":2,\"name\":\"Ottobre: il Giano bifronte dei mercati?\"}]},{\"@type\":\"WebSite\",\"@id\":\"https:\/\/www.sinergiacons.it\/#website\",\"url\":\"https:\/\/www.sinergiacons.it\/\",\"name\":\"Sinergia\",\"description\":\"Gas &amp; Power Consulting\",\"publisher\":{\"@id\":\"https:\/\/www.sinergiacons.it\/#organization\"},\"potentialAction\":[{\"@type\":\"SearchAction\",\"target\":{\"@type\":\"EntryPoint\",\"urlTemplate\":\"https:\/\/www.sinergiacons.it\/?s={search_term_string}\"},\"query-input\":{\"@type\":\"PropertyValueSpecification\",\"valueRequired\":true,\"valueName\":\"search_term_string\"}}],\"inLanguage\":\"en-US\"},{\"@type\":\"Organization\",\"@id\":\"https:\/\/www.sinergiacons.it\/#organization\",\"name\":\"Sinergia Consulting\",\"url\":\"https:\/\/www.sinergiacons.it\/\",\"logo\":{\"@type\":\"ImageObject\",\"inLanguage\":\"en-US\",\"@id\":\"https:\/\/www.sinergiacons.it\/#\/schema\/logo\/image\/\",\"url\":\"https:\/\/www.sinergiacons.it\/wp-content\/uploads\/2021\/10\/Raggruppa-193.svg\",\"contentUrl\":\"https:\/\/www.sinergiacons.it\/wp-content\/uploads\/2021\/10\/Raggruppa-193.svg\",\"width\":197,\"height\":49,\"caption\":\"Sinergia Consulting\"},\"image\":{\"@id\":\"https:\/\/www.sinergiacons.it\/#\/schema\/logo\/image\/\"}},{\"@type\":\"Person\",\"@id\":\"https:\/\/www.sinergiacons.it\/#\/schema\/person\/fa43fae663a71d3a89c15bee4cc020f0\",\"name\":\"nicolo\",\"image\":{\"@type\":\"ImageObject\",\"inLanguage\":\"en-US\",\"@id\":\"https:\/\/www.sinergiacons.it\/#\/schema\/person\/image\/\",\"url\":\"https:\/\/secure.gravatar.com\/avatar\/ae9fe22fe9f9dcdc71b8e44c4c25415d5a3a4163521bca8a46a0bc3b5f7464f9?s=96&d=mm&r=g\",\"contentUrl\":\"https:\/\/secure.gravatar.com\/avatar\/ae9fe22fe9f9dcdc71b8e44c4c25415d5a3a4163521bca8a46a0bc3b5f7464f9?s=96&d=mm&r=g\",\"caption\":\"nicolo\"},\"sameAs\":[\"https:\/\/www.sinergiacons.it\"]}]}<\/script>\n<!-- \/ Yoast SEO plugin. -->","yoast_head_json":{"title":"Ottobre: il Giano bifronte dei mercati? | Sinergia","description":"Ad ottobre sembra esserci stata una svolta sui prezzi delle commodities energetiche: seppur stia iniziando l\u2019inverno, i prezzi di energia e gas in tutta","robots":{"index":"index","follow":"follow","max-snippet":"max-snippet:-1","max-image-preview":"max-image-preview:large","max-video-preview":"max-video-preview:-1"},"canonical":"https:\/\/www.sinergiacons.it\/en\/ottobre-il-giano-bifronte-dei-mercati\/","og_locale":"en_US","og_type":"article","og_title":"Ottobre: il Giano bifronte dei mercati? | Sinergia","og_description":"Ad ottobre sembra esserci stata una svolta sui prezzi delle commodities energetiche: seppur stia iniziando l\u2019inverno, i prezzi di energia e gas in tutta","og_url":"https:\/\/www.sinergiacons.it\/en\/ottobre-il-giano-bifronte-dei-mercati\/","og_site_name":"Sinergia","article_published_time":"2018-11-08T14:47:48+00:00","og_image":[{"width":1170,"height":875,"url":"https:\/\/www.sinergiacons.it\/wp-content\/uploads\/2021\/10\/news-sin-evidenza-1170x875-1.jpg","type":"image\/jpeg"}],"author":"nicolo","twitter_card":"summary_large_image","twitter_misc":{"Written by":"nicolo","Est. reading time":"2 minutes"},"schema":{"@context":"https:\/\/schema.org","@graph":[{"@type":"Article","@id":"https:\/\/www.sinergiacons.it\/ottobre-il-giano-bifronte-dei-mercati\/#article","isPartOf":{"@id":"https:\/\/www.sinergiacons.it\/ottobre-il-giano-bifronte-dei-mercati\/"},"author":{"name":"nicolo","@id":"https:\/\/www.sinergiacons.it\/#\/schema\/person\/fa43fae663a71d3a89c15bee4cc020f0"},"headline":"Ottobre: il Giano bifronte dei mercati?","datePublished":"2018-11-08T14:47:48+00:00","mainEntityOfPage":{"@id":"https:\/\/www.sinergiacons.it\/ottobre-il-giano-bifronte-dei-mercati\/"},"wordCount":467,"publisher":{"@id":"https:\/\/www.sinergiacons.it\/#organization"},"image":{"@id":"https:\/\/www.sinergiacons.it\/ottobre-il-giano-bifronte-dei-mercati\/#primaryimage"},"thumbnailUrl":"https:\/\/www.sinergiacons.it\/wp-content\/uploads\/2021\/10\/news-sin-evidenza-1170x875-1.jpg","articleSection":["News"],"inLanguage":"en-US"},{"@type":"WebPage","@id":"https:\/\/www.sinergiacons.it\/ottobre-il-giano-bifronte-dei-mercati\/","url":"https:\/\/www.sinergiacons.it\/ottobre-il-giano-bifronte-dei-mercati\/","name":"Ottobre: il Giano bifronte dei mercati? | Sinergia","isPartOf":{"@id":"https:\/\/www.sinergiacons.it\/#website"},"primaryImageOfPage":{"@id":"https:\/\/www.sinergiacons.it\/ottobre-il-giano-bifronte-dei-mercati\/#primaryimage"},"image":{"@id":"https:\/\/www.sinergiacons.it\/ottobre-il-giano-bifronte-dei-mercati\/#primaryimage"},"thumbnailUrl":"https:\/\/www.sinergiacons.it\/wp-content\/uploads\/2021\/10\/news-sin-evidenza-1170x875-1.jpg","datePublished":"2018-11-08T14:47:48+00:00","description":"Ad ottobre sembra esserci stata una svolta sui prezzi delle commodities energetiche: seppur stia iniziando l\u2019inverno, i prezzi di energia e gas in tutta","breadcrumb":{"@id":"https:\/\/www.sinergiacons.it\/ottobre-il-giano-bifronte-dei-mercati\/#breadcrumb"},"inLanguage":"en-US","potentialAction":[{"@type":"ReadAction","target":["https:\/\/www.sinergiacons.it\/ottobre-il-giano-bifronte-dei-mercati\/"]}]},{"@type":"ImageObject","inLanguage":"en-US","@id":"https:\/\/www.sinergiacons.it\/ottobre-il-giano-bifronte-dei-mercati\/#primaryimage","url":"https:\/\/www.sinergiacons.it\/wp-content\/uploads\/2021\/10\/news-sin-evidenza-1170x875-1.jpg","contentUrl":"https:\/\/www.sinergiacons.it\/wp-content\/uploads\/2021\/10\/news-sin-evidenza-1170x875-1.jpg","width":1170,"height":875},{"@type":"BreadcrumbList","@id":"https:\/\/www.sinergiacons.it\/ottobre-il-giano-bifronte-dei-mercati\/#breadcrumb","itemListElement":[{"@type":"ListItem","position":1,"name":"Home","item":"https:\/\/www.sinergiacons.it\/"},{"@type":"ListItem","position":2,"name":"Ottobre: il Giano bifronte dei mercati?"}]},{"@type":"WebSite","@id":"https:\/\/www.sinergiacons.it\/#website","url":"https:\/\/www.sinergiacons.it\/","name":"Sinergia","description":"Gas &amp; Power Consulting","publisher":{"@id":"https:\/\/www.sinergiacons.it\/#organization"},"potentialAction":[{"@type":"SearchAction","target":{"@type":"EntryPoint","urlTemplate":"https:\/\/www.sinergiacons.it\/?s={search_term_string}"},"query-input":{"@type":"PropertyValueSpecification","valueRequired":true,"valueName":"search_term_string"}}],"inLanguage":"en-US"},{"@type":"Organization","@id":"https:\/\/www.sinergiacons.it\/#organization","name":"Sinergia Consulting","url":"https:\/\/www.sinergiacons.it\/","logo":{"@type":"ImageObject","inLanguage":"en-US","@id":"https:\/\/www.sinergiacons.it\/#\/schema\/logo\/image\/","url":"https:\/\/www.sinergiacons.it\/wp-content\/uploads\/2021\/10\/Raggruppa-193.svg","contentUrl":"https:\/\/www.sinergiacons.it\/wp-content\/uploads\/2021\/10\/Raggruppa-193.svg","width":197,"height":49,"caption":"Sinergia Consulting"},"image":{"@id":"https:\/\/www.sinergiacons.it\/#\/schema\/logo\/image\/"}},{"@type":"Person","@id":"https:\/\/www.sinergiacons.it\/#\/schema\/person\/fa43fae663a71d3a89c15bee4cc020f0","name":"nicolo","image":{"@type":"ImageObject","inLanguage":"en-US","@id":"https:\/\/www.sinergiacons.it\/#\/schema\/person\/image\/","url":"https:\/\/secure.gravatar.com\/avatar\/ae9fe22fe9f9dcdc71b8e44c4c25415d5a3a4163521bca8a46a0bc3b5f7464f9?s=96&d=mm&r=g","contentUrl":"https:\/\/secure.gravatar.com\/avatar\/ae9fe22fe9f9dcdc71b8e44c4c25415d5a3a4163521bca8a46a0bc3b5f7464f9?s=96&d=mm&r=g","caption":"nicolo"},"sameAs":["https:\/\/www.sinergiacons.it"]}]}},"_links":{"self":[{"href":"https:\/\/www.sinergiacons.it\/en\/wp-json\/wp\/v2\/posts\/10055","targetHints":{"allow":["GET"]}}],"collection":[{"href":"https:\/\/www.sinergiacons.it\/en\/wp-json\/wp\/v2\/posts"}],"about":[{"href":"https:\/\/www.sinergiacons.it\/en\/wp-json\/wp\/v2\/types\/post"}],"author":[{"embeddable":true,"href":"https:\/\/www.sinergiacons.it\/en\/wp-json\/wp\/v2\/users\/1"}],"replies":[{"embeddable":true,"href":"https:\/\/www.sinergiacons.it\/en\/wp-json\/wp\/v2\/comments?post=10055"}],"version-history":[{"count":0,"href":"https:\/\/www.sinergiacons.it\/en\/wp-json\/wp\/v2\/posts\/10055\/revisions"}],"wp:featuredmedia":[{"embeddable":true,"href":"https:\/\/www.sinergiacons.it\/en\/wp-json\/wp\/v2\/media\/61"}],"wp:attachment":[{"href":"https:\/\/www.sinergiacons.it\/en\/wp-json\/wp\/v2\/media?parent=10055"}],"wp:term":[{"taxonomy":"category","embeddable":true,"href":"https:\/\/www.sinergiacons.it\/en\/wp-json\/wp\/v2\/categories?post=10055"},{"taxonomy":"post_tag","embeddable":true,"href":"https:\/\/www.sinergiacons.it\/en\/wp-json\/wp\/v2\/tags?post=10055"}],"curies":[{"name":"wp","href":"https:\/\/api.w.org\/{rel}","templated":true}]}}